{"id":21368,"date":"2020-11-16T13:28:10","date_gmt":"2020-11-16T16:28:10","guid":{"rendered":"https:\/\/www.teatrodelbicentenariosanjuan.org\/?p=21368"},"modified":"2020-11-16T20:18:02","modified_gmt":"2020-11-16T23:18:02","slug":"conoce-los-ganadores-de-la-convocatoria-de-beethoven-danza","status":"publish","type":"post","link":"https:\/\/www.teatrodelbicentenariosanjuan.org\/en\/novedades\/conoce-los-ganadores-de-la-convocatoria-de-beethoven-danza\/","title":{"rendered":"Conoc\u00e9 los ganadores de la convocatoria de Beethoven Danza"},"content":{"rendered":"<p>Tras la exitosa convocatoria de Beethoven Danza, el TB anuncia sus ganadores seleccionados.<\/p>\n<p>Con motivo de conmemorarse el 250\u00ba aniversario del nacimiento del gran compositor alem\u00e1n Ludwig van Beethoven, el Ministerio de Turismo y Cultura, a trav\u00e9s del Teatro del Bicentenario y la Fundaci\u00f3n del Instituto Alem\u00e1n, anuncian los ganadores de la convocatoria denominada<strong> \u201cBEETHOVEN DANZA EN ESCENA\u201d.<\/strong><\/p>\n<p><strong>Ganadores \u00a0de la Convocatoria<\/strong><\/p>\n<p><strong>Categor\u00eda \u201cTEEN\u201d<\/strong><\/p>\n<p>Modalidad\u00a0 \u201cSOLO\u201d<\/p>\n<ul>\n<li>Nicol\u00e1s Salinas<\/li>\n<li>Mariano Guallama<\/li>\n<li>Mariana Far\u00edas<\/li>\n<li>Ignacio Mercado<\/li>\n<\/ul>\n<p>Modalidad\u00a0 \u201cD\u00daOS y TR\u00cdOS\u201d,<\/p>\n<p>Tr\u00edo: Carolina Encina (representante)<\/p>\n<p><strong>Categor\u00eda \u201cJUNG\u201d<\/strong><\/p>\n<p>Modalidad\u00a0 \u201cSOLO\u201d<\/p>\n<ul>\n<li>Walter Molina<\/li>\n<li>Gabriel Diaz<\/li>\n<li>Braian Moyano<\/li>\n<\/ul>\n<p>Modalidad\u00a0 \u201cD\u00daOS y TR\u00cdOS\u201d<\/p>\n<p>\u00a0\u00a0\u00a0\u00a0\u00a0\u00a0\u00a0\u00a0\u00a0\u00a0\u00a0 D\u00fao: Cristian Gonz\u00e1lez (representante)<\/p>\n<p>&nbsp;<\/p>\n<p>En esta oportunidad, se presentaron m\u00e1s de 70 postulantes. Cabe recordar, que<\/p>\n<p>el Teatro del Bicentenario realizar\u00e1 la producci\u00f3n escenot\u00e9cnica y registro audiovisual de los int\u00e9rpretes seleccionados y de sus obras. Asimismo, el teatro ofrecer\u00e1 una mirada art\u00edstica sobre los trabajos a cargo de profesionales \u2013 artistas reconocidos de gran trayectoria.<\/p>\n<p>&nbsp;<\/p>\n<p>Los contenidos virtuales, productos de estos trabajos ser\u00e1n difundidos durante el mes de diciembre, en el marco de los festejos del 250\u00b0 aniversario del nacimiento de Beethoven en las redes del Teatro del Bicentenario y de la Fundaci\u00f3n Instituto Alem\u00e1n: <a href=\"https:\/\/www.teatrodelbicentenariosanjuan.org\">https:\/\/www.teatrodelbicentenariosanjuan.org<\/a> y en el de la Fundaci\u00f3n Instituto Alem\u00e1n <u><a href=\"http:\/\/www.gzsanjuan.com.ar\/\">http:\/\/www.gzsanjuan.com.ar\/<\/a><\/u>.<\/p>","protected":false},"excerpt":{"rendered":"<p>Tras la exitosa convocatoria de Beethoven Danza, el TB anuncia sus ganadores seleccionados. Con motivo de conmemorarse el 250\u00ba aniversario del nacimiento del gran compositor alem\u00e1n Ludwig van Beethoven, el Ministerio de Turismo y Cultura, a trav\u00e9s del Teatro del Bicentenario y la Fundaci\u00f3n del&#8230;<\/p>","protected":false},"author":4,"featured_media":20832,"comment_status":"closed","ping_status":"closed","sticky":false,"template":"","format":"standard","meta":{"h5ap_radio_sources":[],"footnotes":""},"categories":[99],"tags":[],"class_list":["post-21368","post","type-post","status-publish","format-standard","has-post-thumbnail","hentry","category-novedades"],"_links":{"self":[{"href":"https:\/\/www.teatrodelbicentenariosanjuan.org\/en\/wp-json\/wp\/v2\/posts\/21368","targetHints":{"allow":["GET"]}}],"collection":[{"href":"https:\/\/www.teatrodelbicentenariosanjuan.org\/en\/wp-json\/wp\/v2\/posts"}],"about":[{"href":"https:\/\/www.teatrodelbicentenariosanjuan.org\/en\/wp-json\/wp\/v2\/types\/post"}],"author":[{"embeddable":true,"href":"https:\/\/www.teatrodelbicentenariosanjuan.org\/en\/wp-json\/wp\/v2\/users\/4"}],"replies":[{"embeddable":true,"href":"https:\/\/www.teatrodelbicentenariosanjuan.org\/en\/wp-json\/wp\/v2\/comments?post=21368"}],"version-history":[{"count":2,"href":"https:\/\/www.teatrodelbicentenariosanjuan.org\/en\/wp-json\/wp\/v2\/posts\/21368\/revisions"}],"predecessor-version":[{"id":21371,"href":"https:\/\/www.teatrodelbicentenariosanjuan.org\/en\/wp-json\/wp\/v2\/posts\/21368\/revisions\/21371"}],"wp:featuredmedia":[{"embeddable":true,"href":"https:\/\/www.teatrodelbicentenariosanjuan.org\/en\/wp-json\/wp\/v2\/media\/20832"}],"wp:attachment":[{"href":"https:\/\/www.teatrodelbicentenariosanjuan.org\/en\/wp-json\/wp\/v2\/media?parent=21368"}],"wp:term":[{"taxonomy":"category","embeddable":true,"href":"https:\/\/www.teatrodelbicentenariosanjuan.org\/en\/wp-json\/wp\/v2\/categories?post=21368"},{"taxonomy":"post_tag","embeddable":true,"href":"https:\/\/www.teatrodelbicentenariosanjuan.org\/en\/wp-json\/wp\/v2\/tags?post=21368"}],"curies":[{"name":"wp","href":"https:\/\/api.w.org\/{rel}","templated":true}]}}