{"id":21496,"date":"2020-12-15T13:43:01","date_gmt":"2020-12-15T16:43:01","guid":{"rendered":"https:\/\/www.teatrodelbicentenariosanjuan.org\/?p=21496"},"modified":"2020-12-15T13:43:01","modified_gmt":"2020-12-15T16:43:01","slug":"proyectaran-impactantes-producciones-audiovisuales-de-beethoven-danza","status":"publish","type":"post","link":"https:\/\/www.teatrodelbicentenariosanjuan.org\/en\/novedades\/proyectaran-impactantes-producciones-audiovisuales-de-beethoven-danza\/","title":{"rendered":"Proyectaran impactantes producciones audiovisuales de Beethoven Danza"},"content":{"rendered":"<p style=\"font-weight: 400;\">El\u00a0<strong>mi\u00e9rcoles 16 de diciembre, a las 19hs.,<\/strong>\u00a0las pantallas de San Juan se visten de danza con impactantes producciones audiovisuales de la convocatoria \u201cBeethoven Danza\u201d, tambi\u00e9n se\u00a0<strong>estrenar\u00e1n por las redes del TB<\/strong>.\u00a0<\/p>\n<p style=\"font-weight: 400;\">Con motivo de conmemorarse el 250\u00ba aniversario del nacimiento del gran compositor alem\u00e1n Ludwig van Beethoven, el Ministerio de Turismo y Cultura, a trav\u00e9s del Teatro del Bicentenario y la Fundaci\u00f3n del Instituto Alem\u00e1n de San Juan, homenajear\u00e1 a dicho compositor con el lanzamiento audiovisual de producciones coreogr\u00e1ficas de la convocatoria\u00a0<strong>\u201cBEETHOVEN DANZA EN ESCENA\u201d.<\/strong><\/p>\n<p style=\"font-weight: 400;\">Las producciones audiovisuales se estrenar\u00e1n virtualmente por las redes del TB y de la Fundaci\u00f3n Instituto Alem\u00e1n, el\u00a0<strong>mi\u00e9rcoles 16 de diciembre, a las 19hs<\/strong>. y se proyectar\u00e1n simult\u00e1neamente, en la pantalla de la Secretar\u00eda de deportes, en los stands de Turismo ubicada en los tres centros comerciales y en las principales intersecciones de la v\u00eda p\u00fablica<\/p>\n<p style=\"font-weight: 400;\">Bajo un estricto protocolo sanitario, el Teatro del Bicentenario realiz\u00f3 la producci\u00f3n escenot\u00e9cnica y registro audiovisual de las obras de los int\u00e9rpretes a cargo del director Escenot\u00e9cnico, Sergio Manganelli y la asistencia art\u00edstico \u2013 esc\u00e9nica de Victoria Balanza, Julia De Nardi y Juan Francisco L\u00f3pez B\u00fabica, quienes aportaron su experiencia a los j\u00f3venes talentos.<\/p>\n<p style=\"font-weight: 400;\">Esta convocatoria,\u00a0tom\u00f3 como punto de partida del proceso creativo, la gran obra musical del maestro\u00a0<strong>Ludwig van Beethoven<\/strong>;\u00a0los trabajos premiados en la Convocatoria proponen lenguajes y estilos muy variados de Danza, que van desde el necol\u00e1sico, contempor\u00e1neo, pole dance, vogue fem performance, popping, break dance, entre otros. Cada trabajo ofrece una mirada propia sobre el gran abanico de posibilidades que brinda la Danza y el movimiento.<\/p>\n<p style=\"font-weight: 400;\">En este marco, durante todo el d\u00eda, la obra musical del compositor alem\u00e1n, invadir\u00e1 los espacios y periferia del Teatro del Bicentenario; adem\u00e1s, los trabajos se proyectar\u00e1n a partir de las 20hs., en una gran pantalla de los jardines exteriores del TB.<\/p>\n<p style=\"font-weight: 400;\"><strong>Los Seleccionados y sus obras<\/strong><\/p>\n<p style=\"font-weight: 400;\">CATEGOR\u00cdA TEEN\u00a0\u00a0\u00a0\u00a0\u00a0\u00a0\u00a0\u00a0\u00a0\u00a0\u00a0\u00a0\u00a0\u00a0\u00a0\u00a0\u00a0\u00a0<\/p>\n<p style=\"font-weight: 400;\"><strong>Candela Far\u00edas<\/strong><\/p>\n<p style=\"font-weight: 400;\">\u201cConcierto para piano N\u00ba 5, Op. 73 &#8211; Emperador\u00bb (Fragmento)<\/p>\n<p style=\"font-weight: 400;\"><strong>Mariano Guallama<\/strong><\/p>\n<p style=\"font-weight: 400;\">\u201cSonata N\u00ba 14 para piano, Claro de Luna\u00bb (Fragmento)<\/p>\n<p style=\"font-weight: 400;\"><strong>Ignacio Mercado<\/strong><\/p>\n<p style=\"font-weight: 400;\">\u00a0\u201cCuarteto de cuerdas N\u00ba 13, Op. 130\u201d (Fragmento)<\/p>\n<p style=\"font-weight: 400;\"><strong>Nicol\u00e1s Salina<\/strong><\/p>\n<p style=\"font-weight: 400;\">\u201cSonata N\u00ba 25 para piano, Op. 79\u201d (Fragmento)<\/p>\n<p style=\"font-weight: 400;\"><strong>Carolina Encina &#8211; Eleonora Haro y Justina Vargas (Tr\u00edo)<\/strong><\/p>\n<p style=\"font-weight: 400;\">\u201cPara Elisa, WoO 59\u201d (Fragmento)<\/p>\n<p style=\"font-weight: 400;\">\u00a0\u00a0\u00a0\u00a0\u00a0\u00a0\u00a0\u00a0\u00a0\u00a0\u00a0\u00a0\u00a0\u00a0\u00a0\u00a0\u00a0\u00a0\u00a0\u00a0\u00a0\u00a0\u00a0<\/p>\n<p style=\"font-weight: 400;\">CATEGOR\u00cdA JUNG\u00a0\u00a0\u00a0\u00a0\u00a0\u00a0\u00a0\u00a0\u00a0\u00a0\u00a0\u00a0\u00a0\u00a0\u00a0\u00a0\u00a0\u00a0<\/p>\n<p style=\"font-weight: 400;\"><strong>Alejandro D\u00edaz<\/strong><\/p>\n<p style=\"font-weight: 400;\">\u00a0\u201cSonata N\u00ba14 para piano, Claro de Luna\u00bb (Fragmento)<\/p>\n<p style=\"font-weight: 400;\"><strong>Walter Molina<\/strong><\/p>\n<p style=\"font-weight: 400;\">\u00a0\u201cTrio de Cuerdas, Op. 3\u201d (Fragmento)<\/p>\n<p style=\"font-weight: 400;\"><strong>Braian Moyano<\/strong><\/p>\n<p style=\"font-weight: 400;\">\u201cCuarteto de Cuerdas N\u00ba 7, Op. 59 (Fragmento)<\/p>\n<p style=\"font-weight: 400;\"><strong>Cristian Gonz\u00e1lez y Micaela Montilla (D\u00fao)<\/strong><\/p>\n<p style=\"font-weight: 400;\">\u201cConcierto para piano N\u00ba 5, Op. 73 Emperador\u00bb (Fragmento)<\/p>\n<p style=\"font-weight: 400;\">\u00a0<\/p>\n<p style=\"font-weight: 400;\">Conoc\u00e9 m\u00e1s de los artistas en:\u00a0<a href=\"https:\/\/www.teatrodelbicentenariosanjuan.org\/beethoven-danza-en-escena\/\" data-saferedirecturl=\"https:\/\/www.google.com\/url?q=https:\/\/www.teatrodelbicentenariosanjuan.org\/beethoven-danza-en-escena\/&amp;source=gmail&amp;ust=1608136634083000&amp;usg=AFQjCNFtMSEXA1B93HkSvSG5qPGUClhbOw\">www.teatrodelbicentenariosanjuan.org\/beethoven-danza-en-escena\/<\/a>\u00a0<\/p>\n<style type=\"text\/css\">\n#foogallery-gallery-21497 .fg-image { width: 150px; }\n#foogallery-gallery-21497 { --fg-gutter: 10px; }<\/style>\n\t\t\t<div class=\"foogallery foogallery-container foogallery-default foogallery-lightbox-foobox fg-center fg-default fg-ready fg-light fg-border-thin fg-shadow-outline fg-loading-default fg-hover-fade fg-hover-zoom\" id=\"foogallery-gallery-21497\" data-foogallery=\"{&quot;item&quot;:{&quot;showCaptionTitle&quot;:true,&quot;showCaptionDescription&quot;:true},&quot;lazy&quot;:true}\" style=\"--fg-title-line-clamp: 0; --fg-description-line-clamp: 0;\" >\n\t<div class=\"fg-item fg-type-image fg-idle\"><figure class=\"fg-item-inner\"><a href=\"https:\/\/www.teatrodelbicentenariosanjuan.org\/wp-content\/uploads\/2020\/12\/Captura-de-pantalla-2020-12-11-a-las-16.08.13.png\" data-attachment-id=\"21506\" data-type=\"image\" class=\"fg-thumb\"><span class=\"fg-image-wrap\"><img decoding=\"async\" width=\"150\" height=\"150\" class=\"skip-lazy fg-image\" data-src-fg=\"https:\/\/www.teatrodelbicentenariosanjuan.org\/wp-content\/uploads\/cache\/2020\/12\/Captura-de-pantalla-2020-12-11-a-las-16_08_13\/2129648253.png\" src=\"data:image\/svg+xml,%3Csvg%20xmlns%3D%22http%3A%2F%2Fwww.w3.org%2F2000%2Fsvg%22%20width%3D%22150%22%20height%3D%22150%22%20viewBox%3D%220%200%20150%20150%22%3E%3C%2Fsvg%3E\" loading=\"eager\"><\/span><span class=\"fg-image-overlay\"><\/span><\/a><\/figure><div class=\"fg-loader\"><\/div><\/div><div class=\"fg-item fg-type-image fg-idle\"><figure class=\"fg-item-inner\"><a href=\"https:\/\/www.teatrodelbicentenariosanjuan.org\/wp-content\/uploads\/2020\/12\/5-Walter-Molina-3.jpeg\" data-attachment-id=\"21505\" data-type=\"image\" class=\"fg-thumb\"><span class=\"fg-image-wrap\"><img decoding=\"async\" width=\"150\" height=\"150\" class=\"skip-lazy fg-image\" data-src-fg=\"https:\/\/www.teatrodelbicentenariosanjuan.org\/wp-content\/uploads\/cache\/2020\/12\/5-Walter-Molina-3\/684428349.jpeg\" src=\"data:image\/svg+xml,%3Csvg%20xmlns%3D%22http%3A%2F%2Fwww.w3.org%2F2000%2Fsvg%22%20width%3D%22150%22%20height%3D%22150%22%20viewBox%3D%220%200%20150%20150%22%3E%3C%2Fsvg%3E\" loading=\"eager\"><\/span><span class=\"fg-image-overlay\"><\/span><\/a><\/figure><div class=\"fg-loader\"><\/div><\/div><div class=\"fg-item fg-type-image fg-idle\"><figure class=\"fg-item-inner\"><a href=\"https:\/\/www.teatrodelbicentenariosanjuan.org\/wp-content\/uploads\/2020\/12\/1-DUO.jpeg\" data-attachment-id=\"21502\" data-type=\"image\" class=\"fg-thumb\"><span class=\"fg-image-wrap\"><img decoding=\"async\" width=\"150\" height=\"150\" class=\"skip-lazy fg-image\" data-src-fg=\"https:\/\/www.teatrodelbicentenariosanjuan.org\/wp-content\/uploads\/cache\/2020\/12\/1-DUO\/4031893436.jpeg\" src=\"data:image\/svg+xml,%3Csvg%20xmlns%3D%22http%3A%2F%2Fwww.w3.org%2F2000%2Fsvg%22%20width%3D%22150%22%20height%3D%22150%22%20viewBox%3D%220%200%20150%20150%22%3E%3C%2Fsvg%3E\" loading=\"eager\"><\/span><span class=\"fg-image-overlay\"><\/span><\/a><\/figure><div class=\"fg-loader\"><\/div><\/div><div class=\"fg-item fg-type-image fg-idle\"><figure class=\"fg-item-inner\"><a href=\"https:\/\/www.teatrodelbicentenariosanjuan.org\/wp-content\/uploads\/2020\/12\/4-Mariano-Guallama-3.jpeg\" data-attachment-id=\"21504\" data-type=\"image\" class=\"fg-thumb\"><span class=\"fg-image-wrap\"><img decoding=\"async\" width=\"150\" height=\"150\" class=\"skip-lazy fg-image\" data-src-fg=\"https:\/\/www.teatrodelbicentenariosanjuan.org\/wp-content\/uploads\/cache\/2020\/12\/4-Mariano-Guallama-3\/3234392658.jpeg\" src=\"data:image\/svg+xml,%3Csvg%20xmlns%3D%22http%3A%2F%2Fwww.w3.org%2F2000%2Fsvg%22%20width%3D%22150%22%20height%3D%22150%22%20viewBox%3D%220%200%20150%20150%22%3E%3C%2Fsvg%3E\" loading=\"eager\"><\/span><span class=\"fg-image-overlay\"><\/span><\/a><\/figure><div class=\"fg-loader\"><\/div><\/div><div class=\"fg-item fg-type-image fg-idle\"><figure class=\"fg-item-inner\"><a href=\"https:\/\/www.teatrodelbicentenariosanjuan.org\/wp-content\/uploads\/2020\/12\/3-Alejandro-Diaz-4.jpeg\" data-attachment-id=\"21503\" data-type=\"image\" class=\"fg-thumb\"><span class=\"fg-image-wrap\"><img decoding=\"async\" width=\"150\" height=\"150\" class=\"skip-lazy fg-image\" data-src-fg=\"https:\/\/www.teatrodelbicentenariosanjuan.org\/wp-content\/uploads\/cache\/2020\/12\/3-Alejandro-Diaz-4\/2662231782.jpeg\" src=\"data:image\/svg+xml,%3Csvg%20xmlns%3D%22http%3A%2F%2Fwww.w3.org%2F2000%2Fsvg%22%20width%3D%22150%22%20height%3D%22150%22%20viewBox%3D%220%200%20150%20150%22%3E%3C%2Fsvg%3E\" loading=\"eager\"><\/span><span class=\"fg-image-overlay\"><\/span><\/a><\/figure><div class=\"fg-loader\"><\/div><\/div><div class=\"fg-item fg-type-image fg-idle\"><figure class=\"fg-item-inner\"><a href=\"https:\/\/www.teatrodelbicentenariosanjuan.org\/wp-content\/uploads\/2020\/12\/9-Braian-Moyano-6.jpeg\" data-attachment-id=\"21501\" data-type=\"image\" class=\"fg-thumb\"><span class=\"fg-image-wrap\"><img decoding=\"async\" width=\"150\" height=\"150\" class=\"skip-lazy fg-image\" data-src-fg=\"https:\/\/www.teatrodelbicentenariosanjuan.org\/wp-content\/uploads\/cache\/2020\/12\/9-Braian-Moyano-6\/1764089146.jpeg\" src=\"data:image\/svg+xml,%3Csvg%20xmlns%3D%22http%3A%2F%2Fwww.w3.org%2F2000%2Fsvg%22%20width%3D%22150%22%20height%3D%22150%22%20viewBox%3D%220%200%20150%20150%22%3E%3C%2Fsvg%3E\" loading=\"eager\"><\/span><span class=\"fg-image-overlay\"><\/span><\/a><\/figure><div class=\"fg-loader\"><\/div><\/div><div class=\"fg-item fg-type-image fg-idle\"><figure class=\"fg-item-inner\"><a href=\"https:\/\/www.teatrodelbicentenariosanjuan.org\/wp-content\/uploads\/2020\/12\/8-Trio-3.jpeg\" data-attachment-id=\"21500\" data-type=\"image\" class=\"fg-thumb\"><span class=\"fg-image-wrap\"><img decoding=\"async\" width=\"150\" height=\"150\" class=\"skip-lazy fg-image\" data-src-fg=\"https:\/\/www.teatrodelbicentenariosanjuan.org\/wp-content\/uploads\/cache\/2020\/12\/8-Trio-3\/3228486126.jpeg\" src=\"data:image\/svg+xml,%3Csvg%20xmlns%3D%22http%3A%2F%2Fwww.w3.org%2F2000%2Fsvg%22%20width%3D%22150%22%20height%3D%22150%22%20viewBox%3D%220%200%20150%20150%22%3E%3C%2Fsvg%3E\" loading=\"eager\"><\/span><span class=\"fg-image-overlay\"><\/span><\/a><\/figure><div class=\"fg-loader\"><\/div><\/div><div class=\"fg-item fg-type-image fg-idle\"><figure class=\"fg-item-inner\"><a href=\"https:\/\/www.teatrodelbicentenariosanjuan.org\/wp-content\/uploads\/2020\/12\/6-Nicolas-Salinas-3.jpeg\" data-attachment-id=\"21499\" data-type=\"image\" class=\"fg-thumb\"><span class=\"fg-image-wrap\"><img decoding=\"async\" width=\"150\" height=\"150\" class=\"skip-lazy fg-image\" data-src-fg=\"https:\/\/www.teatrodelbicentenariosanjuan.org\/wp-content\/uploads\/cache\/2020\/12\/6-Nicolas-Salinas-3\/3387702761.jpeg\" src=\"data:image\/svg+xml,%3Csvg%20xmlns%3D%22http%3A%2F%2Fwww.w3.org%2F2000%2Fsvg%22%20width%3D%22150%22%20height%3D%22150%22%20viewBox%3D%220%200%20150%20150%22%3E%3C%2Fsvg%3E\" loading=\"eager\"><\/span><span class=\"fg-image-overlay\"><\/span><\/a><\/figure><div class=\"fg-loader\"><\/div><\/div><div class=\"fg-item fg-type-image fg-idle\"><figure class=\"fg-item-inner\"><a href=\"https:\/\/www.teatrodelbicentenariosanjuan.org\/wp-content\/uploads\/2020\/12\/6-Ignacio-Mercado-3.jpeg\" data-attachment-id=\"21498\" data-type=\"image\" class=\"fg-thumb\"><span class=\"fg-image-wrap\"><img decoding=\"async\" width=\"150\" height=\"150\" class=\"skip-lazy fg-image\" data-src-fg=\"https:\/\/www.teatrodelbicentenariosanjuan.org\/wp-content\/uploads\/cache\/2020\/12\/6-Ignacio-Mercado-3\/572458467.jpeg\" src=\"data:image\/svg+xml,%3Csvg%20xmlns%3D%22http%3A%2F%2Fwww.w3.org%2F2000%2Fsvg%22%20width%3D%22150%22%20height%3D%22150%22%20viewBox%3D%220%200%20150%20150%22%3E%3C%2Fsvg%3E\" loading=\"eager\"><\/span><span class=\"fg-image-overlay\"><\/span><\/a><\/figure><div class=\"fg-loader\"><\/div><\/div><\/div>","protected":false},"excerpt":{"rendered":"<p>El\u00a0mi\u00e9rcoles 16 de diciembre, a las 19hs.,\u00a0las pantallas de San Juan se visten de danza con impactantes producciones audiovisuales de la convocatoria \u201cBeethoven Danza\u201d, tambi\u00e9n se\u00a0estrenar\u00e1n por las redes del TB.\u00a0 Con motivo de conmemorarse el 250\u00ba aniversario del nacimiento del gran compositor alem\u00e1n Ludwig&#8230;<\/p>","protected":false},"author":4,"featured_media":21509,"comment_status":"closed","ping_status":"closed","sticky":false,"template":"","format":"standard","meta":{"h5ap_radio_sources":[],"footnotes":""},"categories":[99],"tags":[],"class_list":["post-21496","post","type-post","status-publish","format-standard","has-post-thumbnail","hentry","category-novedades"],"_links":{"self":[{"href":"https:\/\/www.teatrodelbicentenariosanjuan.org\/en\/wp-json\/wp\/v2\/posts\/21496","targetHints":{"allow":["GET"]}}],"collection":[{"href":"https:\/\/www.teatrodelbicentenariosanjuan.org\/en\/wp-json\/wp\/v2\/posts"}],"about":[{"href":"https:\/\/www.teatrodelbicentenariosanjuan.org\/en\/wp-json\/wp\/v2\/types\/post"}],"author":[{"embeddable":true,"href":"https:\/\/www.teatrodelbicentenariosanjuan.org\/en\/wp-json\/wp\/v2\/users\/4"}],"replies":[{"embeddable":true,"href":"https:\/\/www.teatrodelbicentenariosanjuan.org\/en\/wp-json\/wp\/v2\/comments?post=21496"}],"version-history":[{"count":2,"href":"https:\/\/www.teatrodelbicentenariosanjuan.org\/en\/wp-json\/wp\/v2\/posts\/21496\/revisions"}],"predecessor-version":[{"id":21508,"href":"https:\/\/www.teatrodelbicentenariosanjuan.org\/en\/wp-json\/wp\/v2\/posts\/21496\/revisions\/21508"}],"wp:featuredmedia":[{"embeddable":true,"href":"https:\/\/www.teatrodelbicentenariosanjuan.org\/en\/wp-json\/wp\/v2\/media\/21509"}],"wp:attachment":[{"href":"https:\/\/www.teatrodelbicentenariosanjuan.org\/en\/wp-json\/wp\/v2\/media?parent=21496"}],"wp:term":[{"taxonomy":"category","embeddable":true,"href":"https:\/\/www.teatrodelbicentenariosanjuan.org\/en\/wp-json\/wp\/v2\/categories?post=21496"},{"taxonomy":"post_tag","embeddable":true,"href":"https:\/\/www.teatrodelbicentenariosanjuan.org\/en\/wp-json\/wp\/v2\/tags?post=21496"}],"curies":[{"name":"wp","href":"https:\/\/api.w.org\/{rel}","templated":true}]}}