{"id":21582,"date":"2021-02-11T12:56:46","date_gmt":"2021-02-11T15:56:46","guid":{"rendered":"https:\/\/www.teatrodelbicentenariosanjuan.org\/?p=21582"},"modified":"2021-02-11T12:57:02","modified_gmt":"2021-02-11T15:57:02","slug":"el-tb-deslumbrara-con-la-creacion-audiovisual-de-6-encuentros","status":"publish","type":"post","link":"https:\/\/www.teatrodelbicentenariosanjuan.org\/en\/novedades\/el-tb-deslumbrara-con-la-creacion-audiovisual-de-6-encuentros\/","title":{"rendered":"El TB deslumbrar\u00e1 con la creaci\u00f3n audiovisual de \u201c6 Encuentros\u201d"},"content":{"rendered":"<p>La intimidad musical de nuevos talentos, con gran potencial art\u00edstico, filmados en vivo se estrena el 20 de febrero, a las 20hs., en las redes oficiales del TB.<\/p>\n<p>Entre luces y sombras, sonidos y silencios, surge la m\u00fasica y con ella la sensibilidad de nuevos artistas, quienes despliegan en un clima \u00edntimo, todo el potencial de sus creaciones con \u201c6 Encuentros\u201d.<\/p>\n<p>Este nuevo proyecto de creaci\u00f3n de contenidos art\u00edsticos del Teatro del Bicentenario, tiene como finalidad dar visibilidad en su intimidad musical a j\u00f3venes talentos sanjuaninos en la b\u00fasqueda de su propia identidad art\u00edstica. La m\u00fasica se manifiesta y vibra en cada encuentro apropi\u00e1ndose de nuevos espacios del Teatro del Bicentenario, descubriendo as\u00ed nuevos escenarios.<\/p>\n<p>&nbsp;<\/p>\n<p>Bajo un estricto protocolo sanitario, el Teatro del Bicentenario realiz\u00f3 la producci\u00f3n escenot\u00e9cnica, rodaje, edici\u00f3n y postproducci\u00f3n de las obras de los int\u00e9rpretes, la que estuvo a cargo del director Escenot\u00e9cnico del Teatro, Sergio Manganelli, la direcci\u00f3n de C\u00e1mara y Edici\u00f3n, Federico Schiaroli Huertas; direcci\u00f3n de Fotograf\u00eda, Oscar D\u00edaz y el dise\u00f1o de iluminaci\u00f3n, Gabriela Di Luciano.<\/p>\n<p>El p\u00fablico, a trav\u00e9s de la lente de la c\u00e1mara, podr\u00e1 presenciar la intimidad de mini conciertos, ser parte de la conexi\u00f3n del m\u00fasico, su creaci\u00f3n y el espacio que los contiene y potencia. Los artistas convocados son: Ana Laura Paroldi, Martina Flores, Emiliano Canglieris, Esteban P\u00f3sleman, Ignacio Agulles y CatFonk, todos ellos parte de la nueva generaci\u00f3n de m\u00fasicos creadores de la regi\u00f3n.<\/p>\n<p>Las producciones audiovisuales se estrenar\u00e1n virtualmente por las redes del TB, el s\u00e1bado 20 de febrero, a las 20hs.<\/p>","protected":false},"excerpt":{"rendered":"<p>La intimidad musical de nuevos talentos, con gran potencial art\u00edstico, filmados en vivo se estrena el 20 de febrero, a las 20hs., en las redes oficiales del TB. Entre luces y sombras, sonidos y silencios, surge la m\u00fasica y con ella la sensibilidad de nuevos&#8230;<\/p>","protected":false},"author":4,"featured_media":21584,"comment_status":"closed","ping_status":"closed","sticky":false,"template":"","format":"standard","meta":{"h5ap_radio_sources":[],"footnotes":""},"categories":[99],"tags":[],"class_list":["post-21582","post","type-post","status-publish","format-standard","has-post-thumbnail","hentry","category-novedades"],"_links":{"self":[{"href":"https:\/\/www.teatrodelbicentenariosanjuan.org\/en\/wp-json\/wp\/v2\/posts\/21582","targetHints":{"allow":["GET"]}}],"collection":[{"href":"https:\/\/www.teatrodelbicentenariosanjuan.org\/en\/wp-json\/wp\/v2\/posts"}],"about":[{"href":"https:\/\/www.teatrodelbicentenariosanjuan.org\/en\/wp-json\/wp\/v2\/types\/post"}],"author":[{"embeddable":true,"href":"https:\/\/www.teatrodelbicentenariosanjuan.org\/en\/wp-json\/wp\/v2\/users\/4"}],"replies":[{"embeddable":true,"href":"https:\/\/www.teatrodelbicentenariosanjuan.org\/en\/wp-json\/wp\/v2\/comments?post=21582"}],"version-history":[{"count":1,"href":"https:\/\/www.teatrodelbicentenariosanjuan.org\/en\/wp-json\/wp\/v2\/posts\/21582\/revisions"}],"predecessor-version":[{"id":21585,"href":"https:\/\/www.teatrodelbicentenariosanjuan.org\/en\/wp-json\/wp\/v2\/posts\/21582\/revisions\/21585"}],"wp:featuredmedia":[{"embeddable":true,"href":"https:\/\/www.teatrodelbicentenariosanjuan.org\/en\/wp-json\/wp\/v2\/media\/21584"}],"wp:attachment":[{"href":"https:\/\/www.teatrodelbicentenariosanjuan.org\/en\/wp-json\/wp\/v2\/media?parent=21582"}],"wp:term":[{"taxonomy":"category","embeddable":true,"href":"https:\/\/www.teatrodelbicentenariosanjuan.org\/en\/wp-json\/wp\/v2\/categories?post=21582"},{"taxonomy":"post_tag","embeddable":true,"href":"https:\/\/www.teatrodelbicentenariosanjuan.org\/en\/wp-json\/wp\/v2\/tags?post=21582"}],"curies":[{"name":"wp","href":"https:\/\/api.w.org\/{rel}","templated":true}]}}