{"id":21619,"date":"2021-02-22T11:09:12","date_gmt":"2021-02-22T14:09:12","guid":{"rendered":"https:\/\/www.teatrodelbicentenariosanjuan.org\/?p=21619"},"modified":"2021-02-22T11:10:59","modified_gmt":"2021-02-22T14:10:59","slug":"el-teatro-del-bicentenario-lanza-un-programa-de-formacion-profesional","status":"publish","type":"post","link":"https:\/\/www.teatrodelbicentenariosanjuan.org\/en\/novedades\/el-teatro-del-bicentenario-lanza-un-programa-de-formacion-profesional\/","title":{"rendered":"El Teatro del Bicentenario lanza un programa de formaci\u00f3n profesional"},"content":{"rendered":"<p>Est\u00e1 destinado a bailarines de danza cl\u00e1sica y contempor\u00e1nea. Las inscripciones est\u00e1n abiertas hasta el 26 de febrero.<\/p>\n<p>La visi\u00f3n estrat\u00e9gica del Ministerio de Turismo y Cultura es hacer del Teatro del Bicentenario un polo de formaci\u00f3n para el desarrollo y crecimiento art\u00edstico y cultural de la regi\u00f3n. En esta l\u00ednea,\u00a0<strong>se abre este lunes una convocatoria<\/strong>\u00a0a bailarines de danza cl\u00e1sica y contempor\u00e1nea para participar de un \u201cP<strong>rograma gratuito de formaci\u00f3n profesional<\/strong>\u201d a cargo de la prestigiosa bailarina Victoria Balanza y maestros invitados.<\/p>\n<p>Para poder ser parte de este espacio de formaci\u00f3n,<strong>\u00a0los postulantes deber\u00e1n ser mayor de 16 a\u00f1os<\/strong>, tener una s\u00f3lida formaci\u00f3n en danza cl\u00e1sica y\/o contempor\u00e1neo (sin necesidad de manejo de puntas), cumplir con el 90% de asistencia y tener disponibilidad horaria de lunes a viernes, de 13 a 16.30. Las clases comienzan el 1 de marzo y se extender\u00e1n hasta el 17 de diciembre.<\/p>\n<p>Las inscripciones, bases y condiciones est\u00e1n disponibles en\u00a0<a href=\"https:\/\/www.teatrodelbicentenariosanjuan.org\/formacion-programagratuitodeformacionprofesional\/\">https:\/\/www.teatrodelbicentenariosanjuan.org\/formacion-programagratuitodeformacionprofesional\/<\/a>\u00a0y\u00a0<strong>el cierre de inscripci\u00f3n ser\u00e1 el pr\u00f3ximo 26 de febrero<\/strong>\u00a0a las 18.<\/p>","protected":false},"excerpt":{"rendered":"<p>Est\u00e1 destinado a bailarines de danza cl\u00e1sica y contempor\u00e1nea. Las inscripciones est\u00e1n abiertas hasta el 26 de febrero. La visi\u00f3n estrat\u00e9gica del Ministerio de Turismo y Cultura es hacer del Teatro del Bicentenario un polo de formaci\u00f3n para el desarrollo y crecimiento art\u00edstico y cultural&#8230;<\/p>","protected":false},"author":4,"featured_media":21615,"comment_status":"closed","ping_status":"closed","sticky":false,"template":"","format":"standard","meta":{"h5ap_radio_sources":[],"footnotes":""},"categories":[99],"tags":[],"class_list":["post-21619","post","type-post","status-publish","format-standard","has-post-thumbnail","hentry","category-novedades"],"_links":{"self":[{"href":"https:\/\/www.teatrodelbicentenariosanjuan.org\/en\/wp-json\/wp\/v2\/posts\/21619","targetHints":{"allow":["GET"]}}],"collection":[{"href":"https:\/\/www.teatrodelbicentenariosanjuan.org\/en\/wp-json\/wp\/v2\/posts"}],"about":[{"href":"https:\/\/www.teatrodelbicentenariosanjuan.org\/en\/wp-json\/wp\/v2\/types\/post"}],"author":[{"embeddable":true,"href":"https:\/\/www.teatrodelbicentenariosanjuan.org\/en\/wp-json\/wp\/v2\/users\/4"}],"replies":[{"embeddable":true,"href":"https:\/\/www.teatrodelbicentenariosanjuan.org\/en\/wp-json\/wp\/v2\/comments?post=21619"}],"version-history":[{"count":1,"href":"https:\/\/www.teatrodelbicentenariosanjuan.org\/en\/wp-json\/wp\/v2\/posts\/21619\/revisions"}],"predecessor-version":[{"id":21621,"href":"https:\/\/www.teatrodelbicentenariosanjuan.org\/en\/wp-json\/wp\/v2\/posts\/21619\/revisions\/21621"}],"wp:featuredmedia":[{"embeddable":true,"href":"https:\/\/www.teatrodelbicentenariosanjuan.org\/en\/wp-json\/wp\/v2\/media\/21615"}],"wp:attachment":[{"href":"https:\/\/www.teatrodelbicentenariosanjuan.org\/en\/wp-json\/wp\/v2\/media?parent=21619"}],"wp:term":[{"taxonomy":"category","embeddable":true,"href":"https:\/\/www.teatrodelbicentenariosanjuan.org\/en\/wp-json\/wp\/v2\/categories?post=21619"},{"taxonomy":"post_tag","embeddable":true,"href":"https:\/\/www.teatrodelbicentenariosanjuan.org\/en\/wp-json\/wp\/v2\/tags?post=21619"}],"curies":[{"name":"wp","href":"https:\/\/api.w.org\/{rel}","templated":true}]}}