{"id":21701,"date":"2021-03-10T10:51:38","date_gmt":"2021-03-10T13:51:38","guid":{"rendered":"https:\/\/www.teatrodelbicentenariosanjuan.org\/?p=21701"},"modified":"2021-03-10T10:51:38","modified_gmt":"2021-03-10T13:51:38","slug":"maria-de-buenos-aires-la-produccion-propia-del-tb-se-vera-en-peru","status":"publish","type":"post","link":"https:\/\/www.teatrodelbicentenariosanjuan.org\/en\/novedades\/maria-de-buenos-aires-la-produccion-propia-del-tb-se-vera-en-peru\/","title":{"rendered":"Mar\u00eda de Buenos Aires, la producci\u00f3n propia del TB se ver\u00e1 en Per\u00fa"},"content":{"rendered":"<p><strong>La \u00f3pera tango, producida \u00edntegramente por el TB, se transmitir\u00e1 este jueves 11 de marzo en la plataforma web del \u201cGran Teatro Nacional\u201d, el coloso cultural m\u00e1s importante de Per\u00fa.<\/strong><\/p>\n<p><strong><em>\u00a0<\/em><\/strong><\/p>\n<p>A trav\u00e9s de alianzas de cooperaci\u00f3n cultural con prestigiosas instituciones art\u00edsticas de la regi\u00f3n, el Gran Teatro Nacional del Ministerio de Cultura de Per\u00fa transmitir\u00e1 en vivo, \u201cMar\u00eda de Buenos Aires\u201d, la \u00f3pera tango producida \u00edntegramente por el TB, a trav\u00e9s de su plataforma web GTN EN VIVO y p\u00e1gina de Facebook.<\/p>\n<p>&nbsp;<\/p>\n<p>Con la direcci\u00f3n de escena, dise\u00f1os escenogr\u00e1ficos y de vestuario de Sergio Massa, y la direcci\u00f3n musical de Esteban Calder\u00f3n, \u201cMar\u00eda de Buenos Aires\u201d se podr\u00e1 disfrutar en Per\u00fa este jueves 11 de marzo, a las 20hs.\u00a0 y a las 22hs. Argentina, en el marco del centenario del nacimiento de Astor Piazzolla.<\/p>\n<p>&nbsp;<\/p>\n<p>\u201cMar\u00eda de Buenos Aires\u201d, la reconocida y aclamada \u00f3pera- tango escrita por Astor Piazzolla con textos de Horacio Ferrer, fue una producci\u00f3n integral del TB que se estren\u00f3 en la temporada 2018.<\/p>\n<p>Una original e in\u00e9dita puesta en escena, con la escenograf\u00eda de Sergio Massa y la interpretaci\u00f3n de destacados solistas, la participaci\u00f3n del bandoneonista Esteban Calder\u00f3n y un elenco de m\u00fasicos, cantantes, actores y bailarines sanjuaninos que podr\u00e1n verse en Per\u00fa y en Latinoam\u00e9rica.<\/p>\n<p>Con destacados artistas invitados, la aclamada mezzo \u2013 soprano argentina armenia, <strong>Solange Merdinian<\/strong>, fue la Mar\u00eda porte\u00f1a; mientras que <strong>Diego Flores<\/strong>; cantante l\u00edrico, coreuta y cantor de tango; encarn\u00f3 los diferentes y multifac\u00e9ticos personajes creados por Ferrer. El Duende, por su parte, fue interpretado por <strong>Silvio Guevara<\/strong>.<\/p>\n<p>&nbsp;<\/p>\n<p><strong>GTN EN VIVO<\/strong> es una plataforma digital que brinda una programaci\u00f3n compuesta por producciones de m\u00fasica cl\u00e1sica, l\u00edrica y folclore, con la participaci\u00f3n de los Elencos Nacionales del Ministerio de Cultura: Orquesta Sinf\u00f3nica Nacional, Coro Nacional, Ballet Nacional, Orquesta Sinf\u00f3nica Nacional Juvenil Bicentenario, Coro Nacional de Ni\u00f1os y Ballet Folcl\u00f3rico Nacional, as\u00ed como espect\u00e1culos internacionales de alta calidad art\u00edstica.<\/p>\n<p>&nbsp;<\/p>\n<p>Link: <a href=\"https:\/\/envivo.granteatronacional.pe\/\">https:\/\/envivo.granteatronacional.pe\/<\/a><\/p>\n<p>Link: https:\/\/www.facebook.com\/GranTeatroNacional<\/p>\n<p>&nbsp;<\/p>\n<p>&nbsp;<\/p>\n<p><strong>Gran Teatro Nacional del Per\u00fa<\/strong><\/p>\n<p>El Gran Teatro Nacional del Per\u00fa es la principal plataforma para la programaci\u00f3n, producci\u00f3n, promoci\u00f3n y difusi\u00f3n de las artes esc\u00e9nicas y musicales del pa\u00eds. En su escenario se presentan diversas producciones art\u00edsticas nacionales e internacionales en alianza con organizaciones e instituciones culturales locales; es la sede de las temporadas de los seis Elencos Nacionales del Per\u00fa presentando como parte de su programaci\u00f3n, temporadas de \u00f3pera, ballet, folclore, m\u00fasica sinf\u00f3nica y coral durante todo el a\u00f1o; y desarrolla proyectos propios como ciclos, festivales y programas conmemorativos, con m\u00e1s de 500 funciones al a\u00f1o, desarrolladas en sus diferentes espacios. Su programaci\u00f3n y propuesta est\u00e1 enfocada en los p\u00fablicos como eje articulador de todas sus acciones, incluyendo propuestas educativas, comunitarias y familiares.<\/p>\n<p><strong>\u00a0<\/strong><\/p>\n<p>&nbsp;<\/p>\n<p><strong>EL DATO<\/strong><\/p>\n<p>&nbsp;<\/p>\n<p>JUEVES 11 MARZO, 20HS.(Peru) 22hs. (ARGENTINA)<\/p>\n<p>Transmisi\u00f3n en vivo<\/p>\n<p><a href=\"https:\/\/envivo.granteatronacional.pe\/\">https:\/\/envivo.granteatronacional.pe\/<\/a><\/p>","protected":false},"excerpt":{"rendered":"<p>La \u00f3pera tango, producida \u00edntegramente por el TB, se transmitir\u00e1 este jueves 11 de marzo en la plataforma web del \u201cGran Teatro Nacional\u201d, el coloso cultural m\u00e1s importante de Per\u00fa. \u00a0 A trav\u00e9s de alianzas de cooperaci\u00f3n cultural con prestigiosas instituciones art\u00edsticas de la regi\u00f3n,&#8230;<\/p>","protected":false},"author":4,"featured_media":21702,"comment_status":"closed","ping_status":"closed","sticky":false,"template":"","format":"standard","meta":{"h5ap_radio_sources":[],"footnotes":""},"categories":[99],"tags":[],"class_list":["post-21701","post","type-post","status-publish","format-standard","has-post-thumbnail","hentry","category-novedades"],"_links":{"self":[{"href":"https:\/\/www.teatrodelbicentenariosanjuan.org\/en\/wp-json\/wp\/v2\/posts\/21701","targetHints":{"allow":["GET"]}}],"collection":[{"href":"https:\/\/www.teatrodelbicentenariosanjuan.org\/en\/wp-json\/wp\/v2\/posts"}],"about":[{"href":"https:\/\/www.teatrodelbicentenariosanjuan.org\/en\/wp-json\/wp\/v2\/types\/post"}],"author":[{"embeddable":true,"href":"https:\/\/www.teatrodelbicentenariosanjuan.org\/en\/wp-json\/wp\/v2\/users\/4"}],"replies":[{"embeddable":true,"href":"https:\/\/www.teatrodelbicentenariosanjuan.org\/en\/wp-json\/wp\/v2\/comments?post=21701"}],"version-history":[{"count":1,"href":"https:\/\/www.teatrodelbicentenariosanjuan.org\/en\/wp-json\/wp\/v2\/posts\/21701\/revisions"}],"predecessor-version":[{"id":21703,"href":"https:\/\/www.teatrodelbicentenariosanjuan.org\/en\/wp-json\/wp\/v2\/posts\/21701\/revisions\/21703"}],"wp:featuredmedia":[{"embeddable":true,"href":"https:\/\/www.teatrodelbicentenariosanjuan.org\/en\/wp-json\/wp\/v2\/media\/21702"}],"wp:attachment":[{"href":"https:\/\/www.teatrodelbicentenariosanjuan.org\/en\/wp-json\/wp\/v2\/media?parent=21701"}],"wp:term":[{"taxonomy":"category","embeddable":true,"href":"https:\/\/www.teatrodelbicentenariosanjuan.org\/en\/wp-json\/wp\/v2\/categories?post=21701"},{"taxonomy":"post_tag","embeddable":true,"href":"https:\/\/www.teatrodelbicentenariosanjuan.org\/en\/wp-json\/wp\/v2\/tags?post=21701"}],"curies":[{"name":"wp","href":"https:\/\/api.w.org\/{rel}","templated":true}]}}