{"id":21741,"date":"2021-03-23T10:05:48","date_gmt":"2021-03-23T13:05:48","guid":{"rendered":"https:\/\/www.teatrodelbicentenariosanjuan.org\/?p=21741"},"modified":"2021-03-23T10:05:48","modified_gmt":"2021-03-23T13:05:48","slug":"una-residencia-de-excelencia-a-los-alumnos-del-programa-de-formacion-profesional-para-bailarines","status":"publish","type":"post","link":"https:\/\/www.teatrodelbicentenariosanjuan.org\/en\/novedades\/una-residencia-de-excelencia-a-los-alumnos-del-programa-de-formacion-profesional-para-bailarines\/","title":{"rendered":"Una residencia de excelencia a los alumnos del Programa de formaci\u00f3n profesional para bailarines"},"content":{"rendered":"<p>El Teatro del Bicentenario brind\u00f3 una residencia creativa a los alumnos del Programa de formaci\u00f3n profesional destinado a bailarines de danza cl\u00e1sica y contempor\u00e1nea, de la mano del maestro Diego Poblete.<br \/>\nCon el objetivo de promover y estimular el crecimiento y desarrollo art\u00edstico, creativo y t\u00e9cnico de los bailarines que son parte del Programa de formaci\u00f3n profesional, el Ministerio de Turismo y Cultura, a trav\u00e9s del Teatro del Bicentenario, llev\u00f3 a cabo una residencia creativa a cargo del maestro Diego Poblete. <br \/>\nDurante la residencia art\u00edstica se enfatiz\u00f3 y prioriz\u00f3 el proceso creativo, su entramado y experiencia individual y colectiva, siendo este proceso el fin en s\u00ed mismo. Atendiendo a los protocolos vigentes, se desarroll\u00f3 en dos grupos, del 1ro. al 20 de marzo.<br \/>\nCabe recordar que el Programa de Formaci\u00f3n Profesional tiene como objetivo promover y ampliar la mirada art\u00edstica, experimentando una extensa gama de habilidades t\u00e9cnicas y de investigaci\u00f3n creativa que ofrecer\u00e1n diferentes core\u00f3grafos y maestros invitados. <br \/>\nA cargo de la prestigiosa bailarina Victoria Balanza, el \u201cPrograma gratuito de formaci\u00f3n profesional\u201d pone en valor el compromiso y las habilidades actitudinales requeridas para enfrentar el mundo profesional del arte y acercar al bailar\u00edn- int\u00e9rprete la experiencia de la realidad profesional, vincul\u00e1ndose con core\u00f3grafos y maestros de reconocidos nacional e internacionalmente.<\/p>\n<p>Sobre Diego Poblete \u2013 Core\u00f3grafo invitado<br \/>\nDiego Poblete, inicia sus estudios de Ballet en el Instituto Superior de Arte del Teatro Col\u00f3n de Buenos Aires. Participa como core\u00f3grafo en contenidos para Endemol Argentina S.A. Tambi\u00e9n participa en Proyectos Audiovisuales-Video Danza propios y bajo la Direcci\u00f3n de Claudio Divella, Daniel Bhon-Mariana Blutrach (SHS), Sof\u00eda Mazza-Cayetana Vidal. Creador de la primer Obra Contempor\u00e1nea, \u201cMOMENTO de solo estar\u201d, para el Teatro del Bicentenario. Participa de la Coordinaci\u00f3n Art\u00edstica de los Talleres Coreogr\u00e1ficos del Teatro Col\u00f3n, CETC. Actualmente es Asistente Coreogr\u00e1fico del Ballet Contempor\u00e1neo del Teatro Gral. San Mart\u00edn dependiente del Complejo Teatral de la Ciudad de Buenos Aires, bajo la Dir. de Andrea Chinetti y Miguel Angel El\u00edas.<\/p>","protected":false},"excerpt":{"rendered":"<p>El Teatro del Bicentenario brind\u00f3 una residencia creativa a los alumnos del Programa de formaci\u00f3n profesional destinado a bailarines de danza cl\u00e1sica y contempor\u00e1nea, de la mano del maestro Diego Poblete. Con el objetivo de promover y estimular el crecimiento y desarrollo art\u00edstico, creativo y&#8230;<\/p>","protected":false},"author":4,"featured_media":21742,"comment_status":"closed","ping_status":"closed","sticky":false,"template":"","format":"standard","meta":{"h5ap_radio_sources":[],"footnotes":""},"categories":[99],"tags":[],"class_list":["post-21741","post","type-post","status-publish","format-standard","has-post-thumbnail","hentry","category-novedades"],"_links":{"self":[{"href":"https:\/\/www.teatrodelbicentenariosanjuan.org\/en\/wp-json\/wp\/v2\/posts\/21741","targetHints":{"allow":["GET"]}}],"collection":[{"href":"https:\/\/www.teatrodelbicentenariosanjuan.org\/en\/wp-json\/wp\/v2\/posts"}],"about":[{"href":"https:\/\/www.teatrodelbicentenariosanjuan.org\/en\/wp-json\/wp\/v2\/types\/post"}],"author":[{"embeddable":true,"href":"https:\/\/www.teatrodelbicentenariosanjuan.org\/en\/wp-json\/wp\/v2\/users\/4"}],"replies":[{"embeddable":true,"href":"https:\/\/www.teatrodelbicentenariosanjuan.org\/en\/wp-json\/wp\/v2\/comments?post=21741"}],"version-history":[{"count":1,"href":"https:\/\/www.teatrodelbicentenariosanjuan.org\/en\/wp-json\/wp\/v2\/posts\/21741\/revisions"}],"predecessor-version":[{"id":21743,"href":"https:\/\/www.teatrodelbicentenariosanjuan.org\/en\/wp-json\/wp\/v2\/posts\/21741\/revisions\/21743"}],"wp:featuredmedia":[{"embeddable":true,"href":"https:\/\/www.teatrodelbicentenariosanjuan.org\/en\/wp-json\/wp\/v2\/media\/21742"}],"wp:attachment":[{"href":"https:\/\/www.teatrodelbicentenariosanjuan.org\/en\/wp-json\/wp\/v2\/media?parent=21741"}],"wp:term":[{"taxonomy":"category","embeddable":true,"href":"https:\/\/www.teatrodelbicentenariosanjuan.org\/en\/wp-json\/wp\/v2\/categories?post=21741"},{"taxonomy":"post_tag","embeddable":true,"href":"https:\/\/www.teatrodelbicentenariosanjuan.org\/en\/wp-json\/wp\/v2\/tags?post=21741"}],"curies":[{"name":"wp","href":"https:\/\/api.w.org\/{rel}","templated":true}]}}