{"id":21805,"date":"2021-04-07T13:03:14","date_gmt":"2021-04-07T16:03:14","guid":{"rendered":"https:\/\/www.teatrodelbicentenariosanjuan.org\/?p=21805"},"modified":"2021-04-07T13:03:14","modified_gmt":"2021-04-07T16:03:14","slug":"no-soy-mujer-sube-a-escena-en-la-sala-auditorium-del-teatro-del-bicentenario","status":"publish","type":"post","link":"https:\/\/www.teatrodelbicentenariosanjuan.org\/en\/novedades\/no-soy-mujer-sube-a-escena-en-la-sala-auditorium-del-teatro-del-bicentenario\/","title":{"rendered":"\u201cNo soy mujer\u201d sube a escena en la Sala Audit\u00f3rium del Teatro del Bicentenario"},"content":{"rendered":"<p><strong>El viernes 16 y s\u00e1bado 17 de abril,<\/strong> en la Sala Audit\u00f3rium del Teatro del Bicentenario sube a escena <strong>\u201cNo soy mujer\u201d,<\/strong> Una atracci\u00f3n tr\u00e1gica entre dos seres dis\u00edmiles. Versi\u00f3n de Pentesilea de H. von Kleist que habla del desencuentro entre los cuerpos en una mixtura de cabaret contempor\u00e1neo y manipulaci\u00f3n de objetos.<\/p>\n<p>&nbsp;<\/p>\n<p>Dirigida por Guadalupe Su\u00e1rez Jofr\u00e9, y producida por el colectivo de creaci\u00f3n Ob caenum, \u201cNo soy mujer\u201d es una reescritura esc\u00e9nica de <em>Pentesilea <\/em>(de 1806) del dramaturgo alem\u00e1n Heinrich von Kleist, que se centra en el n\u00facleo de la tragedia: una atracci\u00f3n devastadora entre la reina amazona (Pentesilea) y el h\u00e9roe griego (Aquiles) cuya uni\u00f3n se trunca por la incomprensi\u00f3n mutua.<\/p>\n<p>\u201cNo soy mujer\u201d se llevar\u00e1 a cabo el <strong>viernes 16 de abril, a las 21hs. y el s\u00e1bado 17 de abril, a las 19hs., en la Sala Audit\u00f3rium del Teatro del Bicentenario. <\/strong><strong>La entrada general es de $350<\/strong> en venta en la boleter\u00eda del teatro, de lunes a viernes, de 9:30 a 16hs. Tambi\u00e9n se encuentra disponible on line a trav\u00e9s de tuentrada.com, en el siguiente link:<\/p>\n<p>\u00a0<a href=\"https:\/\/tuentrada.com\/eventos\/detalle\/NoSoyMujer\/812637756418\">https:\/\/tuentrada.com\/eventos\/detalle\/NoSoyMujer\/812637756418<\/a><\/p>\n<p>&nbsp;<\/p>\n<p>La propuesta pervierte g\u00e9neros teatrales, los mixtura entre drama sat\u00edrico, cabaret contempor\u00e1neo y [sacr\u00edlega] manipulaci\u00f3n de objetos en la ejecuci\u00f3n de cuatro mujeres que dan imagen, voz y sonido a la escena. All\u00ed el <em>\u201ccannon\u201d <\/em>de belleza griego deviene en maniqu\u00edes de vidriera degradados y mu\u00f1ecas intervenidas, para encarnar la figura de los protagonistas: la Feminista Reina, el Macho Herido y la legi\u00f3n de mujeres.<\/p>\n<p>La construcci\u00f3n musical es original (un mix de ejecuci\u00f3n en vivo y playback), en medio de ella irrumpe el texto como performance sonora de voces mediatizadas y canciones<\/p>\n<p>&nbsp;<\/p>\n<p>&nbsp;<\/p>\n<p><strong>Sobre Ob caenum<\/strong><\/p>\n<p>Ob caenum es un colectivo de creaci\u00f3n. Un conjunto de cuerpxs que se reagrupan en cada<\/p>\n<p>proyecto que llevan adelante. Producen obras desde un sitio perif\u00e9rico (San Juan \u2013 Argentina) con procedimientos perif\u00e9ricos. Son irrespetuosxs de las correcciones disciplinares del teatro y mixturan performance, artes visuales, m\u00fasica, video y arte digital. Su \u00e9tica de creaci\u00f3n es la producci\u00f3n desde la precariedad; el reciclado y la iron\u00eda en sus creaciones es su modo de entender el mundo y su acci\u00f3n pol\u00edtica. Ha participado en festivales provinciales, nacionales e internacionales, entre los que se destaca la representaci\u00f3n de Argentina en el marco de la Feria ARCO (Madrid, 2017), el Festival Internacional de Buenos Aires (C.A.B.A., 2021, 2020 y 2019) y la muestra de Arte y Tecnolog\u00eda organizada por el FNA en el CCK (C.A.B.A., 2019).<\/p>\n<p><strong>\u00a0<\/strong><\/p>\n<p><strong>Guadalupe Su\u00e1rez Jofr\u00e9<\/strong><\/p>\n<p>Guadalupe es de San Juan Argentina, dirige el colectivo Ob caenum. Sus creaciones son dramaturgias innovadoras con alto impacto sensorial, reescrituras de obras cl\u00e1sicas que emergen de la periferia entre teatro, performance, artes visuales y m\u00fasica.<\/p>\n","protected":false},"excerpt":{"rendered":"<p>El viernes 16 y s\u00e1bado 17 de abril, en la Sala Audit\u00f3rium del Teatro del Bicentenario sube a escena \u201cNo soy mujer\u201d, Una atracci\u00f3n tr\u00e1gica entre dos seres dis\u00edmiles. Versi\u00f3n de Pentesilea de H. von Kleist que habla del desencuentro entre los cuerpos en una&#8230;<\/p>","protected":false},"author":4,"featured_media":21806,"comment_status":"closed","ping_status":"closed","sticky":false,"template":"","format":"standard","meta":{"h5ap_radio_sources":[],"footnotes":""},"categories":[99],"tags":[],"class_list":["post-21805","post","type-post","status-publish","format-standard","has-post-thumbnail","hentry","category-novedades"],"_links":{"self":[{"href":"https:\/\/www.teatrodelbicentenariosanjuan.org\/en\/wp-json\/wp\/v2\/posts\/21805","targetHints":{"allow":["GET"]}}],"collection":[{"href":"https:\/\/www.teatrodelbicentenariosanjuan.org\/en\/wp-json\/wp\/v2\/posts"}],"about":[{"href":"https:\/\/www.teatrodelbicentenariosanjuan.org\/en\/wp-json\/wp\/v2\/types\/post"}],"author":[{"embeddable":true,"href":"https:\/\/www.teatrodelbicentenariosanjuan.org\/en\/wp-json\/wp\/v2\/users\/4"}],"replies":[{"embeddable":true,"href":"https:\/\/www.teatrodelbicentenariosanjuan.org\/en\/wp-json\/wp\/v2\/comments?post=21805"}],"version-history":[{"count":1,"href":"https:\/\/www.teatrodelbicentenariosanjuan.org\/en\/wp-json\/wp\/v2\/posts\/21805\/revisions"}],"predecessor-version":[{"id":21807,"href":"https:\/\/www.teatrodelbicentenariosanjuan.org\/en\/wp-json\/wp\/v2\/posts\/21805\/revisions\/21807"}],"wp:featuredmedia":[{"embeddable":true,"href":"https:\/\/www.teatrodelbicentenariosanjuan.org\/en\/wp-json\/wp\/v2\/media\/21806"}],"wp:attachment":[{"href":"https:\/\/www.teatrodelbicentenariosanjuan.org\/en\/wp-json\/wp\/v2\/media?parent=21805"}],"wp:term":[{"taxonomy":"category","embeddable":true,"href":"https:\/\/www.teatrodelbicentenariosanjuan.org\/en\/wp-json\/wp\/v2\/categories?post=21805"},{"taxonomy":"post_tag","embeddable":true,"href":"https:\/\/www.teatrodelbicentenariosanjuan.org\/en\/wp-json\/wp\/v2\/tags?post=21805"}],"curies":[{"name":"wp","href":"https:\/\/api.w.org\/{rel}","templated":true}]}}