{"id":21812,"date":"2021-04-09T11:55:04","date_gmt":"2021-04-09T14:55:04","guid":{"rendered":"https:\/\/www.teatrodelbicentenariosanjuan.org\/?p=21812"},"modified":"2021-04-09T11:55:04","modified_gmt":"2021-04-09T14:55:04","slug":"egresaron-los-primeros-diplomados-en-gestion-innovadora-de-la-calidad","status":"publish","type":"post","link":"https:\/\/www.teatrodelbicentenariosanjuan.org\/en\/novedades\/egresaron-los-primeros-diplomados-en-gestion-innovadora-de-la-calidad\/","title":{"rendered":"Egresaron los primeros diplomados en Gesti\u00f3n Innovadora de la Calidad"},"content":{"rendered":"<p>La primera cohorte de egresados de la Diplomatura en Gesti\u00f3n de Calidad, en el marco del convenio entre el Ministerio de Turismo y Cultura, a trav\u00e9s del Teatro del Bicentenario y la Universidad Cat\u00f3lica de Cuyo.<\/p>\n<p>&nbsp;<\/p>\n<p>Con la presencia de la Secretaria de Culturla, Virginia Agote; la decana de la Facultad de Filosof\u00eda y Humanidades, Lic. Beatriz Farah; la directora General y Art\u00edstica del Teatro del Bicentenario, Silvana Moreno; entre otros funcionarios.<\/p>\n<p>&nbsp;<\/p>\n<p>A principios del 2020, la Universidad Cat\u00f3lica de Cuyo y el Ministerio de Turismo y Cultura, a trav\u00e9s del Teatro del Bicentenario, firmaron un convenio en el que se comprometieron a llevar adelante acciones de cooperaci\u00f3n y asistencia mutua en actividades de promoci\u00f3n y desarrollo de la investigaci\u00f3n y extensi\u00f3n universitaria, mediante proyectos orientados a la formaci\u00f3n y asesoramiento en tem\u00e1ticas de cultura y gesti\u00f3n de calidad tanto p\u00fablica como privada. En este marco, se llev\u00f3 a cabo la realizaci\u00f3n de una Diplomatura <strong>en Gesti\u00f3n Innovadora de la Calidad<\/strong>, dirigida espec\u00edficamente a miembros de la Administraci\u00f3n P\u00fablica, este programa fue dictado por la Facultad de Filosof\u00eda y Humanidades en coordinaci\u00f3n con el Teatro del Bicentenario.<\/p>\n<p>&nbsp;<\/p>\n<p>En el sector p\u00fablicl, cada vez son m\u00e1s las organizaciones que est\u00e1n adaptando sus sistemas tradicionales, a una Gesti\u00f3n Innovadora de la Calidad. La Diplomatura ha ofrecido una experiencia \u00fanica en donde los participantes, gestores p\u00fablicos, podr\u00e1n adaptar los conceptos, herramientas y competencias utilizadas por sus organizaciones, al d\u00eda a d\u00eda de la cultura p\u00fablica donde est\u00e1n insertos.<\/p>\n<p>&nbsp;<\/p>\n<p>Esta Diplomatura logr\u00f3 formar cuadros t\u00e9cnicos y directivos capaces de coadyuvar el logro de pol\u00edticas p\u00fablicas y fines institucionales con marcada tendencia hacia el ciudadano, a la innovaci\u00f3n y la calidad del servicio p\u00fablico prestado. Los casi 30 egresados de la primera promoci\u00f3n podr\u00e1n transformar su realidad laboral actual mediante la implementaci\u00f3n de un Sistema de Gesti\u00f3n de Calidad y el desarrollo de nuevas competencias para adecuarse a los actuales escenarios de la Administraci\u00f3n P\u00fablica.<\/p>\n<p>&nbsp;<\/p>\n<p>Los Diplomados del Ministerio de Turismo y Cultura<\/p>\n<p>Virginia Agote<\/p>\n<p>Emanuel D\u00edaz<\/p>\n<p>Andrea Herrera<\/p>\n<p>Cristian Guajardo<\/p>\n<p>Gregorio Hierrezuelo<\/p>\n<p>Sergio Manganelli<\/p>\n<p>Gerardo Ruggeri<\/p>\n<p>Lorena Ruffa<\/p>\n<p>Carolina Rodr\u00edguez<\/p>\n<p>&nbsp;<\/p>","protected":false},"excerpt":{"rendered":"<p>La primera cohorte de egresados de la Diplomatura en Gesti\u00f3n de Calidad, en el marco del convenio entre el Ministerio de Turismo y Cultura, a trav\u00e9s del Teatro del Bicentenario y la Universidad Cat\u00f3lica de Cuyo. &nbsp; Con la presencia de la Secretaria de Culturla,&#8230;<\/p>","protected":false},"author":4,"featured_media":21813,"comment_status":"closed","ping_status":"closed","sticky":false,"template":"","format":"standard","meta":{"h5ap_radio_sources":[],"footnotes":""},"categories":[99],"tags":[],"class_list":["post-21812","post","type-post","status-publish","format-standard","has-post-thumbnail","hentry","category-novedades"],"_links":{"self":[{"href":"https:\/\/www.teatrodelbicentenariosanjuan.org\/en\/wp-json\/wp\/v2\/posts\/21812","targetHints":{"allow":["GET"]}}],"collection":[{"href":"https:\/\/www.teatrodelbicentenariosanjuan.org\/en\/wp-json\/wp\/v2\/posts"}],"about":[{"href":"https:\/\/www.teatrodelbicentenariosanjuan.org\/en\/wp-json\/wp\/v2\/types\/post"}],"author":[{"embeddable":true,"href":"https:\/\/www.teatrodelbicentenariosanjuan.org\/en\/wp-json\/wp\/v2\/users\/4"}],"replies":[{"embeddable":true,"href":"https:\/\/www.teatrodelbicentenariosanjuan.org\/en\/wp-json\/wp\/v2\/comments?post=21812"}],"version-history":[{"count":1,"href":"https:\/\/www.teatrodelbicentenariosanjuan.org\/en\/wp-json\/wp\/v2\/posts\/21812\/revisions"}],"predecessor-version":[{"id":21814,"href":"https:\/\/www.teatrodelbicentenariosanjuan.org\/en\/wp-json\/wp\/v2\/posts\/21812\/revisions\/21814"}],"wp:featuredmedia":[{"embeddable":true,"href":"https:\/\/www.teatrodelbicentenariosanjuan.org\/en\/wp-json\/wp\/v2\/media\/21813"}],"wp:attachment":[{"href":"https:\/\/www.teatrodelbicentenariosanjuan.org\/en\/wp-json\/wp\/v2\/media?parent=21812"}],"wp:term":[{"taxonomy":"category","embeddable":true,"href":"https:\/\/www.teatrodelbicentenariosanjuan.org\/en\/wp-json\/wp\/v2\/categories?post=21812"},{"taxonomy":"post_tag","embeddable":true,"href":"https:\/\/www.teatrodelbicentenariosanjuan.org\/en\/wp-json\/wp\/v2\/tags?post=21812"}],"curies":[{"name":"wp","href":"https:\/\/api.w.org\/{rel}","templated":true}]}}