{"id":21874,"date":"2021-05-04T08:51:53","date_gmt":"2021-05-04T11:51:53","guid":{"rendered":"https:\/\/www.teatrodelbicentenariosanjuan.org\/?p=21874"},"modified":"2021-05-04T12:11:40","modified_gmt":"2021-05-04T15:11:40","slug":"el-concierto-barroco-en-acuarelas-en-la-sala-auditorium-del-tb","status":"publish","type":"post","link":"https:\/\/www.teatrodelbicentenariosanjuan.org\/en\/novedades\/el-concierto-barroco-en-acuarelas-en-la-sala-auditorium-del-tb\/","title":{"rendered":"El concierto \u201cBarroco en Acuarelas\u201d en la Sala Audit\u00f3rium del TB"},"content":{"rendered":"<p>\u201cBarroco en acuarelas\u201d es un concierto de m\u00fasica barroca interpretado por el \u201cEnsamble Barroco\u201d que se presenta el 14 de mayo, a las 21hs., en la Sala Audit\u00f3rium del TB. Entrada general de $350, en venta en boleter\u00eda del Teatro y por sistema tuentrada.com.<\/p>\n<p>\u201cBarroco en acuarelas\u201d ofrece al p\u00fablico una experiencia multisensorial, a trav\u00e9s de m\u00fasica e im\u00e1genes proyectadas en vivo, en donde podr\u00e1 apreciarse la t\u00e9cnica de la acuarela en conjunci\u00f3n con la m\u00fasica.La puesta visual estar\u00e1 a cargo de la artista pl\u00e1stica Ver\u00f3nica Trigo y la dise\u00f1adora gr\u00e1fica Paula Lanzi. <br \/>\nEl programa incluye un variado e interesante repertorio, en donde podr\u00e1 escucharse al Ensamble en diferentes combinaciones.<br \/>\n\u201cBarroco en acuarelas\u201d sube a escena el viernes 14 de mayo, a las 21hs., en la Sala Audit\u00f3rium del Teatro del Bicentenario. La entrada general es de $350 y est\u00e1 a la venta en la boleter\u00eda del teatro, de lunes a viernes, de 9:30 a 16hs. Tambi\u00e9n est\u00e1n disponible a trav\u00e9s de tuentrada.com.<\/p>\n<p>Programa concierto \u00abBarroco en acuarelas\u00bb<\/p>\n<p>1-A.Marcello: concierto para oboe y cuerdas. Solista: Federico Salas<br \/>\n2-J.S.Bach: Erbarme dich para contralto y cuerdas : Solistas Claudia Lepe (contralto) y Alex Zuzuk (viol\u00edn)<br \/>\n3-J.S.Bach: Concierto para viol\u00edn en Mi M. Solista: Alex Zuzuk<br \/>\n4-F.Couperin: Las Naciones (selecci\u00f3n)<br \/>\n5-J.P.Rameau: Forets paisibles de Las Indias galantes.Solista: Claudia Lepe (contralto)<\/p>\n<p>\nEnsamble Barroco<br \/>\nDirecci\u00f3n Musical: Laura Lanzi<br \/>\nViolines <br \/>\nAlexZuzuk, M.Eugenia Trigo y Leandro Balderrama<\/p>\n<p>Violas<br \/>\nGabriel Aballay<\/p>\n<p>Cellos<br \/>\nLaura Lanzi<\/p>\n<p>Contrabajo <br \/>\nLeonardo Grosso<\/p>\n<p>Clave<br \/>\nBruno S\u00e1ez<\/p>\n<p>Contralto <br \/>\nClaudia Lepe<\/p>\n<p>Flauta traversa <br \/>\nJuli\u00e1n Rodrigo<\/p>\n<p>Oboe <br \/>\nFederico Salas<\/p>\n<p>Fagot <br \/>\nLuis Querales<\/p>\n<p>Percusi\u00f3n <br \/>\nDiego Guill\u00e9n<\/p>","protected":false},"excerpt":{"rendered":"<p>\u201cBarroco en acuarelas\u201d es un concierto de m\u00fasica barroca interpretado por el \u201cEnsamble Barroco\u201d que se presenta el 14 de mayo, a las 21hs., en la Sala Audit\u00f3rium del TB. Entrada general de $350, en venta en boleter\u00eda del Teatro y por sistema tuentrada.com. \u201cBarroco&#8230;<\/p>","protected":false},"author":4,"featured_media":21830,"comment_status":"closed","ping_status":"closed","sticky":false,"template":"","format":"standard","meta":{"h5ap_radio_sources":[],"footnotes":""},"categories":[99],"tags":[],"class_list":["post-21874","post","type-post","status-publish","format-standard","has-post-thumbnail","hentry","category-novedades"],"_links":{"self":[{"href":"https:\/\/www.teatrodelbicentenariosanjuan.org\/en\/wp-json\/wp\/v2\/posts\/21874","targetHints":{"allow":["GET"]}}],"collection":[{"href":"https:\/\/www.teatrodelbicentenariosanjuan.org\/en\/wp-json\/wp\/v2\/posts"}],"about":[{"href":"https:\/\/www.teatrodelbicentenariosanjuan.org\/en\/wp-json\/wp\/v2\/types\/post"}],"author":[{"embeddable":true,"href":"https:\/\/www.teatrodelbicentenariosanjuan.org\/en\/wp-json\/wp\/v2\/users\/4"}],"replies":[{"embeddable":true,"href":"https:\/\/www.teatrodelbicentenariosanjuan.org\/en\/wp-json\/wp\/v2\/comments?post=21874"}],"version-history":[{"count":1,"href":"https:\/\/www.teatrodelbicentenariosanjuan.org\/en\/wp-json\/wp\/v2\/posts\/21874\/revisions"}],"predecessor-version":[{"id":21876,"href":"https:\/\/www.teatrodelbicentenariosanjuan.org\/en\/wp-json\/wp\/v2\/posts\/21874\/revisions\/21876"}],"wp:featuredmedia":[{"embeddable":true,"href":"https:\/\/www.teatrodelbicentenariosanjuan.org\/en\/wp-json\/wp\/v2\/media\/21830"}],"wp:attachment":[{"href":"https:\/\/www.teatrodelbicentenariosanjuan.org\/en\/wp-json\/wp\/v2\/media?parent=21874"}],"wp:term":[{"taxonomy":"category","embeddable":true,"href":"https:\/\/www.teatrodelbicentenariosanjuan.org\/en\/wp-json\/wp\/v2\/categories?post=21874"},{"taxonomy":"post_tag","embeddable":true,"href":"https:\/\/www.teatrodelbicentenariosanjuan.org\/en\/wp-json\/wp\/v2\/tags?post=21874"}],"curies":[{"name":"wp","href":"https:\/\/api.w.org\/{rel}","templated":true}]}}