{"id":22450,"date":"2021-08-10T10:13:42","date_gmt":"2021-08-10T13:13:42","guid":{"rendered":"https:\/\/www.teatrodelbicentenariosanjuan.org\/?p=22450"},"modified":"2021-08-10T16:32:58","modified_gmt":"2021-08-10T19:32:58","slug":"clasicos-argentinos-de-piazzolla-a-yupanqui-en-sala-auditorium-del-teatro-del-bicentenario","status":"publish","type":"post","link":"https:\/\/www.teatrodelbicentenariosanjuan.org\/en\/sin-categoria-es\/clasicos-argentinos-de-piazzolla-a-yupanqui-en-sala-auditorium-del-teatro-del-bicentenario\/","title":{"rendered":"\u201cCL\u00c1SICOS ARGENTINOS &#8211; DE PIAZZOLLA A YUPANQUI\u201d, en Sala Audit\u00f3rium del Teatro del Bicentenario"},"content":{"rendered":"<p><em>La espl\u00e9ndida interpretaci\u00f3n de cl\u00e1sicos argentinos sube a escena el d\u00eda viernes 20 de agosto, a las 21hs, en la Sala Audit\u00f3rium del TB, las entradas se pueden adquirir por boleter\u00eda del teatro o por tuentrada.com <\/em><\/p>\n<p>El Ministerio de Turismo y Cultura de San Juan, a trav\u00e9s del Teatro del Bicentenario presenta a Belen Ramet, destacada solista sanjuanina que junto a la gran pianista Luz Ram\u00edrez y al reconocido m\u00fasico Pablo Maldonado, despliega el repertorio de su show \u201cCl\u00e1sicos Argentinos\u201d, recorriendo grandes piezas de genios musicales tales como Astor Piazzolla y Atahualpa Yupanqui.<\/p>\n<p>Adem\u00e1s, el espect\u00e1culo, cuenta con bailarines invitados en escena que, en sinton\u00eda con la voz y los instrumentos tienen la finalidad de conectar con las emociones y experiencias del latido innato de la m\u00fasica, la poes\u00eda y la identidad argentina conocida en todo el mundo.<\/p>\n<p>\u201cCl\u00e1sicos Argentinos de Piazzolla a Yupanqui\u201d, se presenta el d\u00eda viernes 20 de agosto, a las 21hs, en sala Audit\u00f3rium del TB, entradas de $400 en venta, en boleter\u00eda del teatro de lunes a viernes de 9.30hs a 13.30hs o por tu entrada.com.<\/p>\n<p><strong>Sobre los artistas\u2026<\/strong><\/p>\n<p><strong>BELEN RAMET: <\/strong>naci\u00f3 en la ciudad de C\u00f3rdoba y se form\u00f3 como artista e interprete orientada a la m\u00fasica popular en g\u00e9neros diversos de folklore argentino, tango argentino, jazz, teatro m\u00fasica, pop rock y canci\u00f3n de autor, entre otros. Se reconoce multifac\u00e9tica, aborda g\u00e9neros diferentes, interpretando en distintos estilos e idiomas. Ha participado en destacados Festivales Nacionales y Provinciales.\u00a0<\/p>\n<p><strong>LUZ RAM\u00cdREZ<\/strong>: naci\u00f3 en Santiago de Chile y se radico definitivamente en la Argentina desde 1986.\u00a0 Es pianista y Profesora de Piano Iniciando sus estudios en 1989 en el Departamento de M\u00fasica de la Universidad Nacional de San Juan. se present\u00f3 asiduamente en concursos nacionales e internacionales de piano En el \u00e1mbito de la m\u00fasica de c\u00e1mara, ha realizado una intensa actividad concert\u00edstica en d\u00faos y tr\u00edos, present\u00e1ndose en varias oportunidades para brindar conciertos en salas de Buenos Aires, Mendoza y San Juan, en el marco de importantes festivales y ciclos musicales<\/p>\n<p><strong>PABLO MALDONADO: <\/strong>naci\u00f3 en San Juan, es un reconocido compositor, cantautor, m\u00fasico, poeta y actor. En el a\u00f1o 1994, gan\u00f3 el segundo premio en el \u00e1rea de canto en la \u201cFiesta Nacional Expo-Sol\u201d. En el a\u00f1o 2000, junto a Lucio Flores grab\u00f3 el CD \u201cSincron\u00edas\u201d, trabajo independiente de canciones de autos que obtuvo las mejores cr\u00edticas de artistas nacionales e internacionales, entre ellos Ricard Miralles (pianista y arreglador de Joan Manuel Serrat). Actu\u00f3 en m\u00faltiples oportunidades en Chile en escenarios y canales de televisi\u00f3n.<\/p>\n<p><strong>\u00a0<\/strong><\/p>","protected":false},"excerpt":{"rendered":"<p>La espl\u00e9ndida interpretaci\u00f3n de cl\u00e1sicos argentinos sube a escena el d\u00eda viernes 20 de agosto, a las 21hs, en la Sala Audit\u00f3rium del TB, las entradas se pueden adquirir por boleter\u00eda del teatro o por tuentrada.com El Ministerio de Turismo y Cultura de San Juan,&#8230;<\/p>","protected":false},"author":1,"featured_media":22453,"comment_status":"closed","ping_status":"closed","sticky":false,"template":"","format":"standard","meta":{"h5ap_radio_sources":[],"footnotes":""},"categories":[105],"tags":[],"class_list":["post-22450","post","type-post","status-publish","format-standard","has-post-thumbnail","hentry","category-sin-categoria-es"],"_links":{"self":[{"href":"https:\/\/www.teatrodelbicentenariosanjuan.org\/en\/wp-json\/wp\/v2\/posts\/22450","targetHints":{"allow":["GET"]}}],"collection":[{"href":"https:\/\/www.teatrodelbicentenariosanjuan.org\/en\/wp-json\/wp\/v2\/posts"}],"about":[{"href":"https:\/\/www.teatrodelbicentenariosanjuan.org\/en\/wp-json\/wp\/v2\/types\/post"}],"author":[{"embeddable":true,"href":"https:\/\/www.teatrodelbicentenariosanjuan.org\/en\/wp-json\/wp\/v2\/users\/1"}],"replies":[{"embeddable":true,"href":"https:\/\/www.teatrodelbicentenariosanjuan.org\/en\/wp-json\/wp\/v2\/comments?post=22450"}],"version-history":[{"count":3,"href":"https:\/\/www.teatrodelbicentenariosanjuan.org\/en\/wp-json\/wp\/v2\/posts\/22450\/revisions"}],"predecessor-version":[{"id":22455,"href":"https:\/\/www.teatrodelbicentenariosanjuan.org\/en\/wp-json\/wp\/v2\/posts\/22450\/revisions\/22455"}],"wp:featuredmedia":[{"embeddable":true,"href":"https:\/\/www.teatrodelbicentenariosanjuan.org\/en\/wp-json\/wp\/v2\/media\/22453"}],"wp:attachment":[{"href":"https:\/\/www.teatrodelbicentenariosanjuan.org\/en\/wp-json\/wp\/v2\/media?parent=22450"}],"wp:term":[{"taxonomy":"category","embeddable":true,"href":"https:\/\/www.teatrodelbicentenariosanjuan.org\/en\/wp-json\/wp\/v2\/categories?post=22450"},{"taxonomy":"post_tag","embeddable":true,"href":"https:\/\/www.teatrodelbicentenariosanjuan.org\/en\/wp-json\/wp\/v2\/tags?post=22450"}],"curies":[{"name":"wp","href":"https:\/\/api.w.org\/{rel}","templated":true}]}}