{"id":22513,"date":"2021-08-12T13:46:40","date_gmt":"2021-08-12T16:46:40","guid":{"rendered":"https:\/\/www.teatrodelbicentenariosanjuan.org\/?p=22513"},"modified":"2021-08-12T13:46:40","modified_gmt":"2021-08-12T16:46:40","slug":"aire-flamenco-expresiones-del-arte-espanol-en-la-sala-auditorium-del-teatro-del-bicentenario","status":"publish","type":"post","link":"https:\/\/www.teatrodelbicentenariosanjuan.org\/en\/novedades\/aire-flamenco-expresiones-del-arte-espanol-en-la-sala-auditorium-del-teatro-del-bicentenario\/","title":{"rendered":"\u201cAire Flamenco\u201d, expresiones del arte espa\u00f1ol en la Sala Audit\u00f3rium del Teatro del Bicentenario"},"content":{"rendered":"<p><em>El espect\u00e1culo integral del arte andaluz sube a escena el viernes 27 y s\u00e1bado 28 de agosto, a las 21hs, en Sala Audit\u00f3rium del TB. Entradas en venta en Boleter\u00eda del teatro de lunes a viernes de 9.30 a 13.30hs o por tuentrada.com<\/em><\/p>\n<p>El Teatro del Bicentenario, dependiente del Ministerio de Turismo y Cultura, presenta a \u201cAire Flamenco\u201d, extraordinario grupo art\u00edstico musical que cumple 20 a\u00f1os de acci\u00f3n ininterrumpida en la m\u00fasica y lo celebran en el escenario de la Sala Audit\u00f3rium del TB con un espect\u00e1culo integral, \u00edntimo y variado presentando lo m\u00e1s puro y tradicional del arte andaluz, ofrecido de la mano de un maravilloso elenco de artistas, bailaores, guitarra, cante y percusi\u00f3n; que, a trav\u00e9s del ritmo y del comp\u00e1s, hacen sentir la emoci\u00f3n del flamenco.<\/p>\n<p>\u201cAire Flamenco\u201d integrado por Marisa Gil; Alejandro Morales; Hugo Figueroa; Abel Herrera; Pablo Barbera; Mariana Garrotti; y los bailarines Mar\u00eda Eugenia Maldonado y Pablo Garay pondr\u00e1n en escena las expresiones genuinas del arte espa\u00f1ol, representando al g\u00e9nero flamenco tanto en el cante, como en su toque y su baile. As\u00ed, se lleva a cabo, un repertorio con coplas y canciones de la ra\u00edz flamenca como rumbas, alegr\u00edas, baladas flamencas, sevillanas y composiciones del repertorio popular que hasta el d\u00eda de hoy se escucha complementando la riqueza arm\u00f3nica con la expresi\u00f3n de diferentes instrumentos musicales, que aportaran lo contempor\u00e1neo, con la intenci\u00f3n de hacer historia en la difusi\u00f3n de este arte. De esta manera el espect\u00e1culo es totalmente integral, tanto para la audici\u00f3n como para la vista de cualquier tipo de p\u00fablico.<\/p>\n<p>\u201cAire Flamenco\u201d se presenta el viernes 27 y s\u00e1bado 28 de agosto, a las 21hs, en Sala Audit\u00f3rium del TB. Entrada general $400, en venta en boleter\u00eda del teatro, de lunes a viernes de 9.30hs a 13.30hs o por tu entrada.com.\u00a0<a href=\"https:\/\/tbsj.tuentrada.com\/selection\/event\/date?productId=10228356935858\">https:\/\/tbsj.tuentrada.com\/selection\/event\/date?productId=10228356935858<\/a><\/p>","protected":false},"excerpt":{"rendered":"<p>El espect\u00e1culo integral del arte andaluz sube a escena el viernes 27 y s\u00e1bado 28 de agosto, a las 21hs, en Sala Audit\u00f3rium del TB. Entradas en venta en Boleter\u00eda del teatro de lunes a viernes de 9.30 a 13.30hs o por tuentrada.com El Teatro&#8230;<\/p>","protected":false},"author":1,"featured_media":22514,"comment_status":"closed","ping_status":"closed","sticky":false,"template":"","format":"standard","meta":{"h5ap_radio_sources":[],"footnotes":""},"categories":[99],"tags":[],"class_list":["post-22513","post","type-post","status-publish","format-standard","has-post-thumbnail","hentry","category-novedades"],"_links":{"self":[{"href":"https:\/\/www.teatrodelbicentenariosanjuan.org\/en\/wp-json\/wp\/v2\/posts\/22513","targetHints":{"allow":["GET"]}}],"collection":[{"href":"https:\/\/www.teatrodelbicentenariosanjuan.org\/en\/wp-json\/wp\/v2\/posts"}],"about":[{"href":"https:\/\/www.teatrodelbicentenariosanjuan.org\/en\/wp-json\/wp\/v2\/types\/post"}],"author":[{"embeddable":true,"href":"https:\/\/www.teatrodelbicentenariosanjuan.org\/en\/wp-json\/wp\/v2\/users\/1"}],"replies":[{"embeddable":true,"href":"https:\/\/www.teatrodelbicentenariosanjuan.org\/en\/wp-json\/wp\/v2\/comments?post=22513"}],"version-history":[{"count":1,"href":"https:\/\/www.teatrodelbicentenariosanjuan.org\/en\/wp-json\/wp\/v2\/posts\/22513\/revisions"}],"predecessor-version":[{"id":22515,"href":"https:\/\/www.teatrodelbicentenariosanjuan.org\/en\/wp-json\/wp\/v2\/posts\/22513\/revisions\/22515"}],"wp:featuredmedia":[{"embeddable":true,"href":"https:\/\/www.teatrodelbicentenariosanjuan.org\/en\/wp-json\/wp\/v2\/media\/22514"}],"wp:attachment":[{"href":"https:\/\/www.teatrodelbicentenariosanjuan.org\/en\/wp-json\/wp\/v2\/media?parent=22513"}],"wp:term":[{"taxonomy":"category","embeddable":true,"href":"https:\/\/www.teatrodelbicentenariosanjuan.org\/en\/wp-json\/wp\/v2\/categories?post=22513"},{"taxonomy":"post_tag","embeddable":true,"href":"https:\/\/www.teatrodelbicentenariosanjuan.org\/en\/wp-json\/wp\/v2\/tags?post=22513"}],"curies":[{"name":"wp","href":"https:\/\/api.w.org\/{rel}","templated":true}]}}