{"id":22644,"date":"2021-08-24T10:24:24","date_gmt":"2021-08-24T13:24:24","guid":{"rendered":"https:\/\/www.teatrodelbicentenariosanjuan.org\/?p=22644"},"modified":"2021-08-24T13:32:20","modified_gmt":"2021-08-24T16:32:20","slug":"borraras-las-sombras-opera-de-camara-en-el-teatro-del-bicentenario","status":"publish","type":"post","link":"https:\/\/www.teatrodelbicentenariosanjuan.org\/en\/novedades\/borraras-las-sombras-opera-de-camara-en-el-teatro-del-bicentenario\/","title":{"rendered":"\u201cBORRAR\u00c1S LAS SOMBRAS\u201d, \u00d3PERA DE C\u00c1MARA EN EL TEATRO DEL BICENTENARIO"},"content":{"rendered":"<p><em>La \u00f3pera sanjuanina se despliega el s\u00e1bado 4 de septiembre, a las 21hs, en Sala Audit\u00f3rium del TB. Entradas a $500, en Boleter\u00eda del teatro o por tuentrada.com<\/em><\/p>\n<p>El Teatro del Bicentenario, dependiente del Ministerio de Turismo y Cultura de San Juan, presenta en su Sala Audit\u00f3rium, \u201cBorrar\u00e1s las sombras\u201d, una \u00f3pera de c\u00e1mara experimental que da continuidad al Proyecto de Investigaci\u00f3n y Creaci\u00f3n que se desarroll\u00f3 en el Instituto de Expresi\u00f3n Visual de la FFHA durante el per\u00edodo 2018-2019. Este proyecto result\u00f3 ganador de la convocatoria del SECITI en el Programa Provincial de Arte, Ciencia y Tecnolog\u00eda.<\/p>\n<p>La obra, consiste en 14 escenas en donde se relata la conflictiva historia de amor entre dos personajes; la humanidad y la naturaleza. En un juego de tensiones, estas escenas se perfilan como una oportunidad reparadora para pensar y sentir el profundo v\u00ednculo de la vida y su entorno, que se han descuidado.\u00a0<\/p>\n<p>De la mano de Tito Oliva, que compone los textos y partituras, y con la direcci\u00f3n musical del Maestro Emmanuel Siffert, \u201cBorrar\u00e1s las sombras\u201d se produce como una obra integral. As\u00ed, con la direcci\u00f3n esc\u00e9nica de Ada Vald\u00e9z, se desarrolla un espect\u00e1culo con m\u00fasicos, cantantes y bailarines en escena. De esta manera, las voces de la soprano Monika Skowron y el bar\u00edtono Fernando L\u00e1zari ser\u00e1n las protagonistas de estas piezas, acompa\u00f1adas por Oliva en el piano; un quinteto de cuerdas, con Indira Gonzalez en primer viol\u00edn; Alex Zuzuk, en segundo viol\u00edn; Raina Djankova, en viola; Vesselin Yanakiev, en violonchelo; Diego Vega, en contrabajo; tambi\u00e9n tendr\u00e1 lugar Gaspar Videla, en Clarinete; Marcelo Guirado, en percusi\u00f3n y una pareja de baile integrada por Paula Albarrac\u00edn y Nicolas Canto. Adem\u00e1s, las artistas Silvina Mart\u00ednez e Isabel Rostagno proponen la est\u00e9tica visual, los vestuarios y proyecciones afines, contando con Emiliano Voiro, en Iluminaci\u00f3n; Juan Manuel Noguera, en proyecciones 3D y la colaboraci\u00f3n de Emanuel D\u00edaz Ruiz.<\/p>\n<p>\u201cBorrar\u00e1s las sombras\u201d, sube a escena el s\u00e1bado 4 de septiembre, a las 21hs, en Sala Audit\u00f3rium del TB. Entradas a $500, en venta, en Boleter\u00eda del teatro, de lunes a viernes de 9.30hs a 13.30hs, o por tuentrada.com, accediendo al siguiente link:\u00a0<a href=\"https:\/\/tbsj.tuentrada.com\/selection\/event\/date?productId=10228360423887\">https:\/\/tbsj.tuentrada.com\/selection\/event\/date?productId=10228360423887<\/a><\/p>","protected":false},"excerpt":{"rendered":"<p>La \u00f3pera sanjuanina se despliega el s\u00e1bado 4 de septiembre, a las 21hs, en Sala Audit\u00f3rium del TB. Entradas a $500, en Boleter\u00eda del teatro o por tuentrada.com El Teatro del Bicentenario, dependiente del Ministerio de Turismo y Cultura de San Juan, presenta en su&#8230;<\/p>","protected":false},"author":1,"featured_media":22645,"comment_status":"closed","ping_status":"closed","sticky":false,"template":"","format":"standard","meta":{"h5ap_radio_sources":[],"footnotes":""},"categories":[99],"tags":[],"class_list":["post-22644","post","type-post","status-publish","format-standard","has-post-thumbnail","hentry","category-novedades"],"_links":{"self":[{"href":"https:\/\/www.teatrodelbicentenariosanjuan.org\/en\/wp-json\/wp\/v2\/posts\/22644","targetHints":{"allow":["GET"]}}],"collection":[{"href":"https:\/\/www.teatrodelbicentenariosanjuan.org\/en\/wp-json\/wp\/v2\/posts"}],"about":[{"href":"https:\/\/www.teatrodelbicentenariosanjuan.org\/en\/wp-json\/wp\/v2\/types\/post"}],"author":[{"embeddable":true,"href":"https:\/\/www.teatrodelbicentenariosanjuan.org\/en\/wp-json\/wp\/v2\/users\/1"}],"replies":[{"embeddable":true,"href":"https:\/\/www.teatrodelbicentenariosanjuan.org\/en\/wp-json\/wp\/v2\/comments?post=22644"}],"version-history":[{"count":2,"href":"https:\/\/www.teatrodelbicentenariosanjuan.org\/en\/wp-json\/wp\/v2\/posts\/22644\/revisions"}],"predecessor-version":[{"id":22647,"href":"https:\/\/www.teatrodelbicentenariosanjuan.org\/en\/wp-json\/wp\/v2\/posts\/22644\/revisions\/22647"}],"wp:featuredmedia":[{"embeddable":true,"href":"https:\/\/www.teatrodelbicentenariosanjuan.org\/en\/wp-json\/wp\/v2\/media\/22645"}],"wp:attachment":[{"href":"https:\/\/www.teatrodelbicentenariosanjuan.org\/en\/wp-json\/wp\/v2\/media?parent=22644"}],"wp:term":[{"taxonomy":"category","embeddable":true,"href":"https:\/\/www.teatrodelbicentenariosanjuan.org\/en\/wp-json\/wp\/v2\/categories?post=22644"},{"taxonomy":"post_tag","embeddable":true,"href":"https:\/\/www.teatrodelbicentenariosanjuan.org\/en\/wp-json\/wp\/v2\/tags?post=22644"}],"curies":[{"name":"wp","href":"https:\/\/api.w.org\/{rel}","templated":true}]}}