{"id":22827,"date":"2021-10-04T12:58:40","date_gmt":"2021-10-04T15:58:40","guid":{"rendered":"https:\/\/www.teatrodelbicentenariosanjuan.org\/?p=22827"},"modified":"2021-10-04T12:58:55","modified_gmt":"2021-10-04T15:58:55","slug":"la-delegacion-sanjuanina-brillo-en-tecnopolis-con-54-artistas","status":"publish","type":"post","link":"https:\/\/www.teatrodelbicentenariosanjuan.org\/en\/novedades\/la-delegacion-sanjuanina-brillo-en-tecnopolis-con-54-artistas\/","title":{"rendered":"La delegaci\u00f3n sanjuanina brill\u00f3 en Tecn\u00f3polis con 54 artistas"},"content":{"rendered":"<p>El multitudinario p\u00fablico disfrut\u00f3 este domingo de la propuesta cultural de San Juan.\u00a0<\/p>\n<p>En la segunda jornada de la reapertura de Tecn\u00f3polis, San Juan brill\u00f3 de la mano de su delegaci\u00f3n integrada por m\u00e1s de 50 bailarines, cantantes y m\u00fasicos. La propuesta que present\u00f3<strong>\u00a0la provincia a trav\u00e9s del Ministerio de Turismo y Cultura, combin\u00f3 el arte contempor\u00e1neo en la danza y en la m\u00fasica lo mejor de la identidad del folklore cuyano.<\/strong><\/p>\n<p>Con un sol pleno, comenz\u00f3 el show y actu\u00f3 en el Patio Federal el reconocido conjunto musical de folklore cuyano,\u00a0<strong>Los Videla<\/strong>, y el talentoso\u00a0<strong>Javier Acu\u00f1a<\/strong>. Los carism\u00e1ticos cantantes fueron los encargados de animar al p\u00fablico que se mostr\u00f3 muy entusiasmado.<\/p>\n<p><strong>Otra de las propuestas que caus\u00f3 elogios y aplausos de la gente, fue la obra de danza \u00abMomento, de solo estar\u00bb<\/strong>. Se trata de un espect\u00e1culo in\u00e9dito, de formato interdisciplinario, producido con gran \u00e9xito por el Teatro del Bicentenario.<\/p>\n<p>En esta oportunidad, 14 bailarines dirigidos por Victoria Balanza, acompa\u00f1ados por la producci\u00f3n art\u00edstica de Jos\u00e9 Meni, realizaron una obra netamente contempor\u00e1nea desplegando un gran potencial coreogr\u00e1fico, musical y visual.<\/p>\n<p>Tambi\u00e9n integraron la delegaci\u00f3n sanjuanina y se lucieron a ritmo del zapateo, el conjunto de malambo integrado por bailarines y bailarinas consagrados de la provincia bajo la direcci\u00f3n de\u00a0<strong>Sergio Gonz\u00e1lez y Juan Peletier<\/strong>. Otro de los n\u00fameros ovacionados en el escenario fue el show de\u00a0<strong>Sergio Salazar<\/strong>, el sub Campe\u00f3n Nacional de Malambo.<\/p>\n<p>\u00abEs altamente positivo el balance de San Juan en Tecn\u00f3polis.\u00a0<strong>Fue una jornada marcada por las emociones de un p\u00fablico entusiasta<\/strong>\u00a0que brind\u00f3 el mejor recibimiento a nuestros artistas\u00bb, destac\u00f3 la secretaria de Cultura, Virginia Agote durante el encuentro.<\/p>\n<p><strong>La gente que tenga la oportunidad de conocer Tecn\u00f3polis tambi\u00e9n podr\u00e1 disfrutar del stand de San Juan ubicado en el espacio \u201cArgentina Unida se Muestra\u201d<\/strong>. All\u00ed, la provincia del sol y el buen vino exhibe sus producciones art\u00edsticas, productivas y culturales. Cuencos de madera, cuchillos artesanales, mates y aceites de oliva, son algunos de los productos destacados.<\/p>\n<p><strong>Una vez m\u00e1s, San Juan marca presencia a nivel nacional resaltando su potencial cultural y tur\u00edstico<\/strong>. En este marco, y para continuar sorprendiendo al p\u00fablico, este\u00a0<strong>15 de octubre<\/strong>\u00a0hay otro mega evento cultural. Se trata de la primera\u00a0<strong>funci\u00f3n especial del espect\u00e1culo Evoluci\u00f3n<\/strong>\u00a0de la Fiesta Nacional del Sol que se podr\u00e1 disfrutar en directo desde el escenario central de Tecn\u00f3polis.<\/p>\n<p>&nbsp;<\/p>","protected":false},"excerpt":{"rendered":"<p>El multitudinario p\u00fablico disfrut\u00f3 este domingo de la propuesta cultural de San Juan.\u00a0 En la segunda jornada de la reapertura de Tecn\u00f3polis, San Juan brill\u00f3 de la mano de su delegaci\u00f3n integrada por m\u00e1s de 50 bailarines, cantantes y m\u00fasicos. La propuesta que present\u00f3\u00a0la provincia&#8230;<\/p>","protected":false},"author":4,"featured_media":22828,"comment_status":"closed","ping_status":"closed","sticky":false,"template":"","format":"standard","meta":{"h5ap_radio_sources":[],"footnotes":""},"categories":[99],"tags":[],"class_list":["post-22827","post","type-post","status-publish","format-standard","has-post-thumbnail","hentry","category-novedades"],"_links":{"self":[{"href":"https:\/\/www.teatrodelbicentenariosanjuan.org\/en\/wp-json\/wp\/v2\/posts\/22827","targetHints":{"allow":["GET"]}}],"collection":[{"href":"https:\/\/www.teatrodelbicentenariosanjuan.org\/en\/wp-json\/wp\/v2\/posts"}],"about":[{"href":"https:\/\/www.teatrodelbicentenariosanjuan.org\/en\/wp-json\/wp\/v2\/types\/post"}],"author":[{"embeddable":true,"href":"https:\/\/www.teatrodelbicentenariosanjuan.org\/en\/wp-json\/wp\/v2\/users\/4"}],"replies":[{"embeddable":true,"href":"https:\/\/www.teatrodelbicentenariosanjuan.org\/en\/wp-json\/wp\/v2\/comments?post=22827"}],"version-history":[{"count":1,"href":"https:\/\/www.teatrodelbicentenariosanjuan.org\/en\/wp-json\/wp\/v2\/posts\/22827\/revisions"}],"predecessor-version":[{"id":22829,"href":"https:\/\/www.teatrodelbicentenariosanjuan.org\/en\/wp-json\/wp\/v2\/posts\/22827\/revisions\/22829"}],"wp:featuredmedia":[{"embeddable":true,"href":"https:\/\/www.teatrodelbicentenariosanjuan.org\/en\/wp-json\/wp\/v2\/media\/22828"}],"wp:attachment":[{"href":"https:\/\/www.teatrodelbicentenariosanjuan.org\/en\/wp-json\/wp\/v2\/media?parent=22827"}],"wp:term":[{"taxonomy":"category","embeddable":true,"href":"https:\/\/www.teatrodelbicentenariosanjuan.org\/en\/wp-json\/wp\/v2\/categories?post=22827"},{"taxonomy":"post_tag","embeddable":true,"href":"https:\/\/www.teatrodelbicentenariosanjuan.org\/en\/wp-json\/wp\/v2\/tags?post=22827"}],"curies":[{"name":"wp","href":"https:\/\/api.w.org\/{rel}","templated":true}]}}