{"id":22841,"date":"2021-10-08T18:26:04","date_gmt":"2021-10-08T21:26:04","guid":{"rendered":"https:\/\/www.teatrodelbicentenariosanjuan.org\/?p=22841"},"modified":"2021-10-08T18:26:04","modified_gmt":"2021-10-08T21:26:04","slug":"seleccion-de-artistas-para-la-intervencion-de-las-letras-corporeas-del-teatro-del-bicentenario","status":"publish","type":"post","link":"https:\/\/www.teatrodelbicentenariosanjuan.org\/en\/novedades\/seleccion-de-artistas-para-la-intervencion-de-las-letras-corporeas-del-teatro-del-bicentenario\/","title":{"rendered":"Selecci\u00f3n de artistas para la intervenci\u00f3n de las letras corp\u00f3reas del Teatro del Bicentenario"},"content":{"rendered":"<p>Mauricio Rom\u00e1n Camargo; Eduardo Riquelme y Mar\u00eda Victoria Rivera Merlo, <em>estudiantes de la carrera de Artes Visuales ser\u00e1n los responsables de intervenir las letras corp\u00f3reas del TB 2021.<\/em><\/p>\n<p>El Ministerio de Turismo y Cultura, a trav\u00e9s del Teatro del Bicentenario y la Fundaci\u00f3n Instituto Alem\u00e1n, abrieron una convocatoria para intervenir las letras corp\u00f3reas del TB 2021, en el mes de septiembre. Dicha convocatoria, dirigida a los estudiantes de cuarto y quinto a\u00f1o del Profesorado y Licenciatura en Artes Visuales de la FFHA-UNSJ, tuvo una gran participaci\u00f3n y resultaron seleccionados los estudiantes de Artes Visuales: Mauricio Rom\u00e1n Camargo; Eduardo Riquelme y Mar\u00eda Victoria Rivera Merlo, con un novedoso dise\u00f1o que tiene como disparador a la tem\u00e1tica de \u201cMadama Butterfly\u201d, de Giaccomo Puccini, que form\u00f3 parte de la gran reapertura de la Sala Principal del TB. Se propone as\u00ed, destacar una de las obras con la que los sanjuaninos pudieron reencontrarse durante este dif\u00edcil momento de pandemia.<\/p>\n<p>Adem\u00e1s, el dise\u00f1o ilustra al Teatro como tractor de la actividad cultural en San Juan que deja una gran huella, no s\u00f3lo en los espectadores, sino tambi\u00e9n en los actores de la escena art\u00edstica de la provincia y del pa\u00eds, que encuentran un espacio de trabajo y la posibilidad de crecer en sus respectivas profesiones. Por esta raz\u00f3n, el dise\u00f1o plantea escenificar un v\u00ednculo entre la artista, en este caso representada en el personaje principal de Madama Butterfly, que se desenvuelve en el escenario y una ni\u00f1a que, desde las butacas, observa con asombro y fascinaci\u00f3n el espect\u00e1culo, completamente adentrada en la m\u00edstica de la obra.<\/p>","protected":false},"excerpt":{"rendered":"<p>Mauricio Rom\u00e1n Camargo; Eduardo Riquelme y Mar\u00eda Victoria Rivera Merlo, estudiantes de la carrera de Artes Visuales ser\u00e1n los responsables de intervenir las letras corp\u00f3reas del TB 2021. El Ministerio de Turismo y Cultura, a trav\u00e9s del Teatro del Bicentenario y la Fundaci\u00f3n Instituto Alem\u00e1n,&#8230;<\/p>","protected":false},"author":1,"featured_media":22842,"comment_status":"closed","ping_status":"closed","sticky":false,"template":"","format":"standard","meta":{"h5ap_radio_sources":[],"footnotes":""},"categories":[99],"tags":[],"class_list":["post-22841","post","type-post","status-publish","format-standard","has-post-thumbnail","hentry","category-novedades"],"_links":{"self":[{"href":"https:\/\/www.teatrodelbicentenariosanjuan.org\/en\/wp-json\/wp\/v2\/posts\/22841","targetHints":{"allow":["GET"]}}],"collection":[{"href":"https:\/\/www.teatrodelbicentenariosanjuan.org\/en\/wp-json\/wp\/v2\/posts"}],"about":[{"href":"https:\/\/www.teatrodelbicentenariosanjuan.org\/en\/wp-json\/wp\/v2\/types\/post"}],"author":[{"embeddable":true,"href":"https:\/\/www.teatrodelbicentenariosanjuan.org\/en\/wp-json\/wp\/v2\/users\/1"}],"replies":[{"embeddable":true,"href":"https:\/\/www.teatrodelbicentenariosanjuan.org\/en\/wp-json\/wp\/v2\/comments?post=22841"}],"version-history":[{"count":1,"href":"https:\/\/www.teatrodelbicentenariosanjuan.org\/en\/wp-json\/wp\/v2\/posts\/22841\/revisions"}],"predecessor-version":[{"id":22843,"href":"https:\/\/www.teatrodelbicentenariosanjuan.org\/en\/wp-json\/wp\/v2\/posts\/22841\/revisions\/22843"}],"wp:featuredmedia":[{"embeddable":true,"href":"https:\/\/www.teatrodelbicentenariosanjuan.org\/en\/wp-json\/wp\/v2\/media\/22842"}],"wp:attachment":[{"href":"https:\/\/www.teatrodelbicentenariosanjuan.org\/en\/wp-json\/wp\/v2\/media?parent=22841"}],"wp:term":[{"taxonomy":"category","embeddable":true,"href":"https:\/\/www.teatrodelbicentenariosanjuan.org\/en\/wp-json\/wp\/v2\/categories?post=22841"},{"taxonomy":"post_tag","embeddable":true,"href":"https:\/\/www.teatrodelbicentenariosanjuan.org\/en\/wp-json\/wp\/v2\/tags?post=22841"}],"curies":[{"name":"wp","href":"https:\/\/api.w.org\/{rel}","templated":true}]}}