{"id":22974,"date":"2021-11-18T12:51:41","date_gmt":"2021-11-18T15:51:41","guid":{"rendered":"https:\/\/www.teatrodelbicentenariosanjuan.org\/?p=22974"},"modified":"2021-11-18T12:51:41","modified_gmt":"2021-11-18T15:51:41","slug":"un-espectaculo-artistico-impactante-para-la-presentacion-de-la-vuelta-a-san-juan-2022-en-el-teatro-del-bicentenario","status":"publish","type":"post","link":"https:\/\/www.teatrodelbicentenariosanjuan.org\/en\/novedades\/un-espectaculo-artistico-impactante-para-la-presentacion-de-la-vuelta-a-san-juan-2022-en-el-teatro-del-bicentenario\/","title":{"rendered":"Un espect\u00e1culo art\u00edstico impactante para la presentaci\u00f3n de la Vuelta a San Juan 2022 en el Teatro del Bicentenario"},"content":{"rendered":"<p>\n<em>Las compa\u00f1\u00edas Prix D\u2019Ami y Choque Urbano junto a artistas sanjuaninos participar\u00e1n de este espect\u00e1culo de gran impacto visual y sonoro.<\/em><\/p>\n<p>Hoy jueves 18 de noviembre, a partir de las 19:30, tendr\u00e1 lugar la presentaci\u00f3n oficial de la 39\u00b0 edici\u00f3n de la Vuelta a San Juan 2022 en el Teatro del Bicentenario. <br \/>\nLuego de los actos institucionales, a las 20:30, se dar\u00e1 inicio a un espect\u00e1culo art\u00edstico que organiza el Ministerio de Turismo y Cultura, a trav\u00e9s del Teatro del Bicentenario dise\u00f1ado especialmente para esta ocasi\u00f3n. Con gran impacto visual y sonoro, las percusiones con instrumentos no convencionales, se fusionar\u00e1n con la plasticidad de la danza a\u00e9rea y las danzas urbanas, en combinaci\u00f3n con dise\u00f1os visuales. <br \/>\nEl p\u00fablico podr\u00e1 disfrutar de una performance art\u00edstica con la fusi\u00f3n de percusiones corporales, vuelos esc\u00e9nicos, hip hop y acrobacias. En este marco, las compa\u00f1\u00edas Prix D\u2019Ami, Choque Urbano y artistas sanjuaninos, participar\u00e1n con sus destrezas en el escenario del Teatro del Bicentenario en un espect\u00e1culo \u00fanico para la audiencia. <br \/>\nCabe destacar que este show se enmarca en el lanzamiento oficial de la vuelta a San Juan 2022 de la Secretar\u00eda de Deportes y ser\u00e1 transmitido en vivo por Deportv, por Sisanjuan y canal de Youtube.<br \/>\nDicha ceremonia estar\u00e1 encabezada por el gobernador de la Provincia de San Juan; Sergio U\u00f1ac; junto a la ministra de Turismo y Cultura, Claudia Grynszpan; el secretario de Estado de Deportes, Jorge Chica; la secretaria de Cultura, Virginia Agote; el secretario de Turismo, Roberto Ju\u00e1rez; el director de Deportes Federados y director de la Vuelta a San Juan, Javier P\u00e1ez; el reconocido ciclista eslovaco Peter Sagan, autoridades, periodistas y dem\u00e1s invitados especiales.<\/p>","protected":false},"excerpt":{"rendered":"<p>Las compa\u00f1\u00edas Prix D\u2019Ami y Choque Urbano junto a artistas sanjuaninos participar\u00e1n de este espect\u00e1culo de gran impacto visual y sonoro. Hoy jueves 18 de noviembre, a partir de las 19:30, tendr\u00e1 lugar la presentaci\u00f3n oficial de la 39\u00b0 edici\u00f3n de la Vuelta a San&#8230;<\/p>","protected":false},"author":1,"featured_media":22975,"comment_status":"closed","ping_status":"closed","sticky":false,"template":"","format":"standard","meta":{"h5ap_radio_sources":[],"footnotes":""},"categories":[99],"tags":[],"class_list":["post-22974","post","type-post","status-publish","format-standard","has-post-thumbnail","hentry","category-novedades"],"_links":{"self":[{"href":"https:\/\/www.teatrodelbicentenariosanjuan.org\/en\/wp-json\/wp\/v2\/posts\/22974","targetHints":{"allow":["GET"]}}],"collection":[{"href":"https:\/\/www.teatrodelbicentenariosanjuan.org\/en\/wp-json\/wp\/v2\/posts"}],"about":[{"href":"https:\/\/www.teatrodelbicentenariosanjuan.org\/en\/wp-json\/wp\/v2\/types\/post"}],"author":[{"embeddable":true,"href":"https:\/\/www.teatrodelbicentenariosanjuan.org\/en\/wp-json\/wp\/v2\/users\/1"}],"replies":[{"embeddable":true,"href":"https:\/\/www.teatrodelbicentenariosanjuan.org\/en\/wp-json\/wp\/v2\/comments?post=22974"}],"version-history":[{"count":1,"href":"https:\/\/www.teatrodelbicentenariosanjuan.org\/en\/wp-json\/wp\/v2\/posts\/22974\/revisions"}],"predecessor-version":[{"id":22976,"href":"https:\/\/www.teatrodelbicentenariosanjuan.org\/en\/wp-json\/wp\/v2\/posts\/22974\/revisions\/22976"}],"wp:featuredmedia":[{"embeddable":true,"href":"https:\/\/www.teatrodelbicentenariosanjuan.org\/en\/wp-json\/wp\/v2\/media\/22975"}],"wp:attachment":[{"href":"https:\/\/www.teatrodelbicentenariosanjuan.org\/en\/wp-json\/wp\/v2\/media?parent=22974"}],"wp:term":[{"taxonomy":"category","embeddable":true,"href":"https:\/\/www.teatrodelbicentenariosanjuan.org\/en\/wp-json\/wp\/v2\/categories?post=22974"},{"taxonomy":"post_tag","embeddable":true,"href":"https:\/\/www.teatrodelbicentenariosanjuan.org\/en\/wp-json\/wp\/v2\/tags?post=22974"}],"curies":[{"name":"wp","href":"https:\/\/api.w.org\/{rel}","templated":true}]}}