{"id":23141,"date":"2022-02-07T13:21:00","date_gmt":"2022-02-07T16:21:00","guid":{"rendered":"https:\/\/www.teatrodelbicentenariosanjuan.org\/?p=23141"},"modified":"2022-02-08T11:36:18","modified_gmt":"2022-02-08T14:36:18","slug":"gypsy-jazz-en-los-jardines-del-tb-una-colorida-fusion-de-ritmos-a-cargo-de-elmer-mezza","status":"publish","type":"post","link":"https:\/\/www.teatrodelbicentenariosanjuan.org\/en\/novedades\/gypsy-jazz-en-los-jardines-del-tb-una-colorida-fusion-de-ritmos-a-cargo-de-elmer-mezza\/","title":{"rendered":"\u201cGYPSY JAZZ\u201d EN LOS JARDINES DEL TB, UNA COLORIDA FUSI\u00d3N DE RITMOS A CARGO DE ELMER MEZZA"},"content":{"rendered":"<p>Elmer Mezza junto a \u201cGypsy Jazz\u201d dan el puntapi\u00e9 inicial al nuevo ciclo de \u201cM\u00fasica en los Jardines del Teatro del Bicentenario\u201d; ser\u00e1 el domingo 13 de febrero, a las 20.30hs. Espect\u00e1culo libre y gratuito.<\/p>\n<p>El Ministerio de Turismo y Cultura, a trav\u00e9s del Teatro del Bicentenario, lanza el ciclo denominado \u201cM\u00fasica en los jardines del TB\u201d en el que el p\u00fablico podr\u00e1 disfrutar de shows en vivo al aire libre junto a proyecciones de espect\u00e1culos de temporadas anteriores del Teatro. En esta ocasi\u00f3n, el hondure\u00f1o Elmer Mezza que, junto a su banda \u201cGypsy Jazz\u201d, inaugura el ciclo de verano con una propuesta que combina ritmos latinos y gitanos con jazz.<\/p>\n<p>Los espectadores podr\u00e1n disfrutar de un repertorio que est\u00e1 compuesto por los grandes \u00e9xitos de Django y Grapelli y varias obras con arreglos propios que tendr\u00e1n mucha fuerza, color y una combinaci\u00f3n exquisita de ritmos.<\/p>\n<p>El show tendr\u00e1 lugar en los jardines del TB el domingo 13 de febrero, a las 20.30hs. La entrada es libre y gratuita.<\/p>\n<p>Para seguir disfrutando de las puestas de escena del TB, al finalizar el show de jazz se proyectar\u00e1 la obra \u201cMOMENTO de solo estar\u201d.<\/p>\n<p>MOMENTO es un espect\u00e1culo de formato interdisciplinario que subi\u00f3 al escenario en el marco del 5to aniversario del teatro, impactando a su p\u00fablico con su apuesta a una multiplicidad de lenguajes art\u00edsticos y planos esc\u00e9nicos. Combinando la danza con lo musical, visual, lum\u00ednico y po\u00e9tico, MOMENTO te transportar\u00e1 a experimentar esta propuesta sanjuanina de cuerpos en movimiento.<\/p>\n<p><strong>LA DATA<\/strong><\/p>\n<p><strong>M\u00fasica en los Jardines del TB<\/strong><\/p>\n<p>Domingo 13 de febrero, a las 20:30hs.<\/p>\n<p>Entrada libre y gratuita. Espect\u00e1culo para toda la familia.<\/p>\n<p>\u00b7 20:30 hs. Proyecci\u00f3n de audiovisuales del TB<\/p>\n<p>\u00b7 21:00 hs. \u201cGYPSY JAZZ a cargo de ELMER MEZZA\u201d<\/p>\n<p>\u00b7 22:00 hs. Proyecci\u00f3n de \u201cMOMENTO DE SOLO ESTAR\u201d &#8211; Danza<\/p>\n<p><strong>Sobre Elmer Mezza<\/strong><\/p>\n<p>Trompetista desde los trece a\u00f1os de edad, Elmer, recorre un largo camino por el sendero de la m\u00fasica, integrando varias orquestas en su tierra natal: Tegucigalpa, Honduras. Y es ese mismo camino el que lo conduce hasta San Juan, d\u00f3nde no s\u00f3lo se perfeccionar\u00e1 sino tambi\u00e9n emprender\u00e1 un gran proyecto de jazz.<\/p>\n<p>Sin alejarse de sus ra\u00edces, su m\u00fasica y sus formaciones siempre estuvieron ligadas al universo latinoamericano, a las ra\u00edces afro-descendientes y al acervo cultural que provee este suelo.<\/p>\n<p>En esta b\u00fasqueda constante de ritmos, de historia, de pueblos y etnias, de mestizaje y de herencias se encuentra con el caj\u00f3n peruano y las cuerdas, el son cubano y el flamenco de Triana.<\/p>\n<p>Fiel a su estilo, el jazz lo gu\u00eda hasta Django Reinhardt, un aut\u00e9ntico manouche y padre del g\u00e9nero cuyo nombre toma prestado para su proyecto. Es as\u00ed que fusionando lo latino con lo gitano, los vientos y las cuerdas nace la formaci\u00f3n \u2018Gypsy Jazz\u2019 de EM Jazz.<\/p>","protected":false},"excerpt":{"rendered":"<p>Elmer Mezza junto a \u201cGypsy Jazz\u201d dan el puntapi\u00e9 inicial al nuevo ciclo de \u201cM\u00fasica en los Jardines del Teatro del Bicentenario\u201d; ser\u00e1 el domingo 13 de febrero, a las 20.30hs. Espect\u00e1culo libre y gratuito. El Ministerio de Turismo y Cultura, a trav\u00e9s del Teatro&#8230;<\/p>","protected":false},"author":4,"featured_media":23144,"comment_status":"closed","ping_status":"closed","sticky":false,"template":"","format":"standard","meta":{"h5ap_radio_sources":[],"footnotes":""},"categories":[99],"tags":[],"class_list":["post-23141","post","type-post","status-publish","format-standard","has-post-thumbnail","hentry","category-novedades"],"_links":{"self":[{"href":"https:\/\/www.teatrodelbicentenariosanjuan.org\/en\/wp-json\/wp\/v2\/posts\/23141","targetHints":{"allow":["GET"]}}],"collection":[{"href":"https:\/\/www.teatrodelbicentenariosanjuan.org\/en\/wp-json\/wp\/v2\/posts"}],"about":[{"href":"https:\/\/www.teatrodelbicentenariosanjuan.org\/en\/wp-json\/wp\/v2\/types\/post"}],"author":[{"embeddable":true,"href":"https:\/\/www.teatrodelbicentenariosanjuan.org\/en\/wp-json\/wp\/v2\/users\/4"}],"replies":[{"embeddable":true,"href":"https:\/\/www.teatrodelbicentenariosanjuan.org\/en\/wp-json\/wp\/v2\/comments?post=23141"}],"version-history":[{"count":3,"href":"https:\/\/www.teatrodelbicentenariosanjuan.org\/en\/wp-json\/wp\/v2\/posts\/23141\/revisions"}],"predecessor-version":[{"id":23152,"href":"https:\/\/www.teatrodelbicentenariosanjuan.org\/en\/wp-json\/wp\/v2\/posts\/23141\/revisions\/23152"}],"wp:featuredmedia":[{"embeddable":true,"href":"https:\/\/www.teatrodelbicentenariosanjuan.org\/en\/wp-json\/wp\/v2\/media\/23144"}],"wp:attachment":[{"href":"https:\/\/www.teatrodelbicentenariosanjuan.org\/en\/wp-json\/wp\/v2\/media?parent=23141"}],"wp:term":[{"taxonomy":"category","embeddable":true,"href":"https:\/\/www.teatrodelbicentenariosanjuan.org\/en\/wp-json\/wp\/v2\/categories?post=23141"},{"taxonomy":"post_tag","embeddable":true,"href":"https:\/\/www.teatrodelbicentenariosanjuan.org\/en\/wp-json\/wp\/v2\/tags?post=23141"}],"curies":[{"name":"wp","href":"https:\/\/api.w.org\/{rel}","templated":true}]}}