{"id":23183,"date":"2022-02-22T12:10:21","date_gmt":"2022-02-22T15:10:21","guid":{"rendered":"https:\/\/www.teatrodelbicentenariosanjuan.org\/?p=23183"},"modified":"2022-02-22T12:10:21","modified_gmt":"2022-02-22T15:10:21","slug":"camerata-san-juan-junto-a-florencia-rodriguez-en-el-ciclo-musica-en-los-jardines-del-tb","status":"publish","type":"post","link":"https:\/\/www.teatrodelbicentenariosanjuan.org\/en\/novedades\/camerata-san-juan-junto-a-florencia-rodriguez-en-el-ciclo-musica-en-los-jardines-del-tb\/","title":{"rendered":"\u201cCAMERATA SAN JUAN\u201d JUNTO A FLORENCIA RODR\u00cdGUEZ EN EL CICLO \u201cM\u00daSICA EN LOS JARDINES DEL TB\u201d"},"content":{"rendered":"<p>La \u201cCamerata San Juan\u201d deleitar\u00e1 al p\u00fablico con un exquisito repertorio en el marco del ciclo \u201cM\u00fasica en los Jardines del TB\u201d, ser\u00e1 el domingo 27 de febrero a las 20:30hs. con entrada libre y gratuita.<\/p>\n<p>El Ministerio de Turismo y Cultura, a trav\u00e9s del Teatro del Bicentenario, contin\u00faa con el ciclo denominado \u201cM\u00fasica en los Jardines del TB\u201d que combina m\u00fasica en vivo con proyecciones audiovisuales de obras de temporadas anteriores. En esta ocasi\u00f3n, \u201cLa Camerata\u201d ofrecer\u00e1 un concierto variado que ir\u00e1 desde el folclore m\u00e1s aut\u00f3ctono hasta contempor\u00e1neos de la m\u00fasica popular y contempor\u00e1nea.<\/p>\n<p>Es as\u00ed que en este repertorio que interpretar\u00e1n estar\u00e1n presentes algunos de los compositores argentinos m\u00e1s importantes como Ginastera con su malambo, e ineludibles como Astor Piazzola, los cl\u00e1sicos como Strauss, y autores contempor\u00e1neos como Gustavo Cerati y Fito P\u00e1ez. No faltar\u00e1 una muestra de folclore local, y una composici\u00f3n a cargo del concertino Pablo Grosman con arreglos del maestro Enzo P\u00e9rez. En esta oportunidad, la cantante Florencia Rodr\u00edguez acompa\u00f1ar\u00e1 a la orquesta con su voz.<\/p>\n<p>El show de m\u00fasica en vivo tendr\u00e1 lugar en los jardines del TB el pr\u00f3ximo domingo 27 de febrero, a las 20: 30hs., con entrada libre y gratuita.<\/p>\n<p>Tras finalizar el espect\u00e1culo, se proyectar\u00e1 la reconocida y aclamada \u00f3pera-tango \u201cMar\u00eda de Buenos Aires\u201d, escrita por Astor Piazzolla con textos de Horacio Ferrer. Esta \u00f3pera-tango, que tuvo lugar en Sala Principal durante la temporada 2018, involucra gran protagonismo de canto, actuaci\u00f3n y recitado, como tambi\u00e9n una gran puesta de danza tango de la mano del core\u00f3grafo Leonardo Cuello. Cont\u00f3 con destacados artistas invitados como la mezzosoprano argentina armenia, Solange Merdinian como la Mar\u00eda porte\u00f1a, y el cantante l\u00edrico, coreuta y cantor de tango, Diego Flores, que encarna los diferentes y multifac\u00e9ticos personajes creados por Ferrer. El Duende, por su parte, es interpretado por el sanjuanino, Silvio Guevara.<\/p>\n<p>\u201cMar\u00eda de Buenos Aires\u201d es una puesta en escena donde las sonoridades del bandone\u00f3n, de la mano de Esteban Calder\u00f3n, acompa\u00f1an cada cuadro que por momentos evoca nostalgia y pasi\u00f3n.<\/p>\n<p>LA DATA<\/p>\n<p>M\u00fasica en los Jardines del TB<\/p>\n<p>Domingo 27 de febrero, 20:30hs.<\/p>\n<p>Entrada libre y gratuita<\/p>\n<p>Espect\u00e1culo para toda la familia<\/p>\n<p>Sobre La Camerata<\/p>\n<p>Creada en San Juan por iniciativa de un grupo de m\u00fasicos, surge esta propuesta joven por parte de experimentados m\u00fasicos profesionales y talentosos j\u00f3venes estudiantes, que responden a la realidad cultural de la provincia. Actualmente, es la orquesta oficial del gobierno, dependiendo del Ministerio de Turismo y Cultura.<\/p>\n<p>La Camerata San Juan se autodefine como una \u201cconstrucci\u00f3n colectiva\u201d, din\u00e1mica y en constante crecimiento. Se considera as\u00ed ya que ha ido ampliando su repertorio, desde los periodos estil\u00edsticos barroco y cl\u00e1sico, hasta abarcar diferentes g\u00e9neros y periodos musicales (incluida la m\u00fasica popular) donde se destaca la interpretaci\u00f3n de los g\u00e9neros rom\u00e1ntico y contempor\u00e1neo, con autores latinoamericanos, argentinos y poniendo especial \u00e9nfasis en la difusi\u00f3n de compositores de nuestro medio. La m\u00fasica popular que ejecuta Camerata es con arreglos \u201cespeciales\u201d del Maestro Enzo P\u00e9rez, integrante de esta orquesta.<\/p>\n<p>Siempre con miras a la excelencia, Camerata San Juan busca la difusi\u00f3n de la m\u00fasica en todos los \u00e1mbitos de la sociedad en la que est\u00e1 inmersa. Comprometida con la realidad de su provincia, realiza una intensa labor de car\u00e1cter social llevando regularmente su m\u00fasica hasta instituciones educativas y otras entidades alejadas de la capital.<\/p>\n<p>&nbsp;<\/p>\n<p>Embajadora de la cultura sanjuanina, la orquesta particip\u00f3 en numerosas giras provinciales, nacionales e internacionales. Tambi\u00e9n en ese rol particip\u00f3 en numerosos e importantes congresos, Convenciones o Encuentros de distinta \u00edndole que se realizaron en nuestra Provincia. Durante los a\u00f1os 2012, 2013, 2014, 2015, 2016, 2017, 2018 y 2019 con gran \u00e9xito y con el auspicio del Ministerio de Turismo y Cultura realiz\u00f3 Ciclos de Conciertos Gratuitos para la familia, con una amplia aprobaci\u00f3n popular.<\/p>\n<p>Cumpliendo con su tarea social de difusi\u00f3n, habitualmente sale de los escenarios convencionales de la m\u00fasica, con el prop\u00f3sito de cumplir con ese importante objetivo.<\/p>","protected":false},"excerpt":{"rendered":"<p>La \u201cCamerata San Juan\u201d deleitar\u00e1 al p\u00fablico con un exquisito repertorio en el marco del ciclo \u201cM\u00fasica en los Jardines del TB\u201d, ser\u00e1 el domingo 27 de febrero a las 20:30hs. con entrada libre y gratuita. El Ministerio de Turismo y Cultura, a trav\u00e9s del&#8230;<\/p>","protected":false},"author":4,"featured_media":23184,"comment_status":"closed","ping_status":"closed","sticky":false,"template":"","format":"standard","meta":{"h5ap_radio_sources":[],"footnotes":""},"categories":[99],"tags":[],"class_list":["post-23183","post","type-post","status-publish","format-standard","has-post-thumbnail","hentry","category-novedades"],"_links":{"self":[{"href":"https:\/\/www.teatrodelbicentenariosanjuan.org\/en\/wp-json\/wp\/v2\/posts\/23183","targetHints":{"allow":["GET"]}}],"collection":[{"href":"https:\/\/www.teatrodelbicentenariosanjuan.org\/en\/wp-json\/wp\/v2\/posts"}],"about":[{"href":"https:\/\/www.teatrodelbicentenariosanjuan.org\/en\/wp-json\/wp\/v2\/types\/post"}],"author":[{"embeddable":true,"href":"https:\/\/www.teatrodelbicentenariosanjuan.org\/en\/wp-json\/wp\/v2\/users\/4"}],"replies":[{"embeddable":true,"href":"https:\/\/www.teatrodelbicentenariosanjuan.org\/en\/wp-json\/wp\/v2\/comments?post=23183"}],"version-history":[{"count":1,"href":"https:\/\/www.teatrodelbicentenariosanjuan.org\/en\/wp-json\/wp\/v2\/posts\/23183\/revisions"}],"predecessor-version":[{"id":23185,"href":"https:\/\/www.teatrodelbicentenariosanjuan.org\/en\/wp-json\/wp\/v2\/posts\/23183\/revisions\/23185"}],"wp:featuredmedia":[{"embeddable":true,"href":"https:\/\/www.teatrodelbicentenariosanjuan.org\/en\/wp-json\/wp\/v2\/media\/23184"}],"wp:attachment":[{"href":"https:\/\/www.teatrodelbicentenariosanjuan.org\/en\/wp-json\/wp\/v2\/media?parent=23183"}],"wp:term":[{"taxonomy":"category","embeddable":true,"href":"https:\/\/www.teatrodelbicentenariosanjuan.org\/en\/wp-json\/wp\/v2\/categories?post=23183"},{"taxonomy":"post_tag","embeddable":true,"href":"https:\/\/www.teatrodelbicentenariosanjuan.org\/en\/wp-json\/wp\/v2\/tags?post=23183"}],"curies":[{"name":"wp","href":"https:\/\/api.w.org\/{rel}","templated":true}]}}