{"id":23417,"date":"2022-04-25T10:21:48","date_gmt":"2022-04-25T13:21:48","guid":{"rendered":"https:\/\/www.teatrodelbicentenariosanjuan.org\/?p=23417"},"modified":"2022-04-25T10:21:48","modified_gmt":"2022-04-25T13:21:48","slug":"juani-y-los-conos-llega-a-la-sala-auditorium-tb-con-tanto-ruido","status":"publish","type":"post","link":"https:\/\/www.teatrodelbicentenariosanjuan.org\/en\/novedades\/juani-y-los-conos-llega-a-la-sala-auditorium-tb-con-tanto-ruido\/","title":{"rendered":"JUANI Y LOS CONOS LLEGA A LA SALA AUDIT\u00d3RIUM TB CON \u201cTANTO RUIDO\u201d"},"content":{"rendered":"<p>La banda de rock local presentar\u00e1 su nueva obra \u201cTanto Ruido\u201d, el pr\u00f3ximo s\u00e1bado 14 de mayo, a las 21hs en Sala Audit\u00f3rium del TB. La entrada general de $500 podr\u00e1 adquirirse en Boleter\u00eda del teatro o por TuEntrada.com.<\/p>\n<p>El Ministerio de Turismo y Cultura, a trav\u00e9s del Teatro del Bicentenario, presenta \u201cTanto Ruido\u201d, la refrescante propuesta de la banda sanjuanina Juani y los Conos. El p\u00fablico podr\u00e1 disfrutar de la contundente confluencia entre los sonidos actuales del rock alternativo y una nost\u00e1lgica evocaci\u00f3n al rock de los 80, lo que plasma ingeniosamente la historia de la banda.<\/p>\n<p>Conformada por Juani Avenda\u00f1o (guitarra y voz principal), Fabrizio Lloveras (sintetizadores, segunda guitarra, coros), Gonzalo Valdez (bajo) y por Mat\u00edas Corroza (bater\u00eda), Juani y los Conos naci\u00f3 en 2019. El grupo de rock define \u201cTanto Ruido\u201d como \u201cuna obra que se sumerge en el inconsciente, despertando inquietudes, explorando nuevos y viejos sonidos a trav\u00e9s de la esencia en\u00e9rgica y \u00fanica que representa la banda\u201d.<\/p>\n<p>El espect\u00e1culo tendr\u00e1 una duraci\u00f3n de 60 minutos y ser\u00e1 el pr\u00f3ximo s\u00e1bado 14 de mayo, a las 21hs, en la Sala Audit\u00f3rium del Teatro del Bicentenario. Las entradas tendr\u00e1n un \u00fanico valor de $500 y podr\u00e1n adquirirse en Boleter\u00eda del teatro de lunes a viernes, de 9:30 a 14hs o de 16 a 20hs y los s\u00e1bados de 10 a 13:30hs. La venta online de entradas se encuentra en este enlace: <a href=\"https:\/\/tbsj.tuentrada.com\/selection\/event\/date?productId=10228510060638\">https:\/\/tbsj.tuentrada.com\/selection\/event\/date?productId=10228510060638<\/a><\/p>\n<p>Sobre Juani y los Conos<\/p>\n<p>Actualmente la banda se encuentra presentando su sencillo \u201cIleso\u201d, (publicado en marzo de 2021) y tambi\u00e9n est\u00e1n trabajando en la producci\u00f3n de nuevo material.<\/p>\n<p>A pesar de las complicaciones derivadas de la pandemia, Juani y los Conos logr\u00f3 posicionarse a trav\u00e9s del lanzamiento de los sencillos y su m\u00fasica son\u00f3 bastante en la provincia durante el 2021. Tras haber realizado una serie de shows y una exitosa presentaci\u00f3n en el Cine Teatro Municipal, la banda sali\u00f3 de gira por la provincia de Mendoza. Luego participaron de la Feria Provincial de la Cultura Popular y el Libro en su edici\u00f3n XIII, en el Complejo Deportivo y Cultural La Superiora, en Rawson. El 13 de noviembre pasado, la banda represent\u00f3 a San Juan en \u201cUn\u00edsono\u201d, programa emitido en la Televisi\u00f3n P\u00fablica con el video \u201cSue\u00f1o ara\u00f1as\u201d en su versi\u00f3n en vivo grabada en el Teatro Municipal. Para cerrar noviembre, salieron de gira a la provincia de San Luis buscando expandir fronteras.<\/p>\n<p>Para este 2022, la banda contin\u00faa trabajando en nueva m\u00fasica, con giras por las provincias de Mendoza, San Luis y C\u00f3rdoba, adem\u00e1s de continuar recorriendo San Juan. \u201cTanto ruido\u201d se suma al repertorio de la banda desde \u201cEspiral, Vuelen\u2026\u201d, su disco publicado en 2017; \u201cBuscando-Ojos-Vivos\u201d, EP publicado a principios de 2020; y tres sencillos publicados en el 2021: \u201cSue\u00f1o ara\u00f1as\u201d, \u201cVida\u201d y \u201cS\u00e9\u201d.<\/p>","protected":false},"excerpt":{"rendered":"<p>La banda de rock local presentar\u00e1 su nueva obra \u201cTanto Ruido\u201d, el pr\u00f3ximo s\u00e1bado 14 de mayo, a las 21hs en Sala Audit\u00f3rium del TB. La entrada general de $500 podr\u00e1 adquirirse en Boleter\u00eda del teatro o por TuEntrada.com. El Ministerio de Turismo y Cultura,&#8230;<\/p>","protected":false},"author":4,"featured_media":23418,"comment_status":"closed","ping_status":"closed","sticky":false,"template":"","format":"standard","meta":{"h5ap_radio_sources":[],"footnotes":""},"categories":[99],"tags":[],"class_list":["post-23417","post","type-post","status-publish","format-standard","has-post-thumbnail","hentry","category-novedades"],"_links":{"self":[{"href":"https:\/\/www.teatrodelbicentenariosanjuan.org\/en\/wp-json\/wp\/v2\/posts\/23417","targetHints":{"allow":["GET"]}}],"collection":[{"href":"https:\/\/www.teatrodelbicentenariosanjuan.org\/en\/wp-json\/wp\/v2\/posts"}],"about":[{"href":"https:\/\/www.teatrodelbicentenariosanjuan.org\/en\/wp-json\/wp\/v2\/types\/post"}],"author":[{"embeddable":true,"href":"https:\/\/www.teatrodelbicentenariosanjuan.org\/en\/wp-json\/wp\/v2\/users\/4"}],"replies":[{"embeddable":true,"href":"https:\/\/www.teatrodelbicentenariosanjuan.org\/en\/wp-json\/wp\/v2\/comments?post=23417"}],"version-history":[{"count":1,"href":"https:\/\/www.teatrodelbicentenariosanjuan.org\/en\/wp-json\/wp\/v2\/posts\/23417\/revisions"}],"predecessor-version":[{"id":23419,"href":"https:\/\/www.teatrodelbicentenariosanjuan.org\/en\/wp-json\/wp\/v2\/posts\/23417\/revisions\/23419"}],"wp:featuredmedia":[{"embeddable":true,"href":"https:\/\/www.teatrodelbicentenariosanjuan.org\/en\/wp-json\/wp\/v2\/media\/23418"}],"wp:attachment":[{"href":"https:\/\/www.teatrodelbicentenariosanjuan.org\/en\/wp-json\/wp\/v2\/media?parent=23417"}],"wp:term":[{"taxonomy":"category","embeddable":true,"href":"https:\/\/www.teatrodelbicentenariosanjuan.org\/en\/wp-json\/wp\/v2\/categories?post=23417"},{"taxonomy":"post_tag","embeddable":true,"href":"https:\/\/www.teatrodelbicentenariosanjuan.org\/en\/wp-json\/wp\/v2\/tags?post=23417"}],"curies":[{"name":"wp","href":"https:\/\/api.w.org\/{rel}","templated":true}]}}