{"id":23444,"date":"2022-04-28T11:17:00","date_gmt":"2022-04-28T14:17:00","guid":{"rendered":"https:\/\/www.teatrodelbicentenariosanjuan.org\/?p=23444"},"modified":"2022-04-28T11:17:00","modified_gmt":"2022-04-28T14:17:00","slug":"100-anos-de-vestuario-del-teatro-colon-la-muestra-gratuita-que-llega-al-tb","status":"publish","type":"post","link":"https:\/\/www.teatrodelbicentenariosanjuan.org\/en\/novedades\/100-anos-de-vestuario-del-teatro-colon-la-muestra-gratuita-que-llega-al-tb\/","title":{"rendered":"\u201c100 A\u00f1os de Vestuario del Teatro Col\u00f3n\u201d: la muestra gratuita que llega al TB"},"content":{"rendered":"<p><em>El jueves 28 de abril, a las 20hs, y hasta el mes de julio, el Teatro del Bicentenario inaugura la muestra de Vestuario original del Teatro Col\u00f3n recorriendo 100 a\u00f1os de arte materializados en piezas \u00fanicas. Entrada libre y gratuita<\/em><\/p>\n<p>El Ministerio de Turismo y Cultura, a trav\u00e9s del Teatro del Bicentenario, invita a todos los sanjuaninos a visitar la muestra <strong>\u201c100 A\u00f1os de Vestuario del Teatro Col\u00f3n\u201d<\/strong>, una propuesta que surge de los convenios de colaboraci\u00f3n con el<strong> Teatro Col\u00f3n de Buenos Aires<\/strong>, que nos obsequia la posibilidad de apreciar algunos de los magn\u00edficos vestuarios dise\u00f1ados por grandes artistas y confeccionados artesanalmente en sus talleres.<\/p>\n<p>La exposici\u00f3n est\u00e1 pensada para todo p\u00fablico y ofrecer\u00e1 un<strong> recorrido por el vestuario de grandes obras que subieron al escenario del Teatro Col\u00f3n<\/strong>: desde las \u00f3peras Don Carlo, Rigoletto y Tosca, pasando por Romeo y Julieta, el ballet El Lago de los Cisnes, entre otras, estar\u00e1n presentes en el Hall del Teatro del Bicentenario a trav\u00e9s del dise\u00f1o de grandes vestuaristas.<\/p>\n<p>Eugenio Zanetti, Antonio Rovescali, Eduardo Lerchundi, Gino Bogani, Imme M\u00f6ller, son algunos de los dise\u00f1adores de renombre internacional que vistieron a los personajes de las superproducciones del Teatro Col\u00f3n. En esta oportunidad, los sanjuaninos y sanjuaninas podr\u00e1n apreciar piezas originales de precioso acabado y exquisito dise\u00f1o, con el acompa\u00f1amiento de gu\u00edas que comentar\u00e1n los detalles para comprender la enorme maquinaria que implica la creaci\u00f3n y producci\u00f3n en las artes esc\u00e9nicas.<\/p>\n<p>La muestra inaugura este jueves 28 de abril, a las 20hs, en el Hall del Teatro, con entrada libre y gratuita. Estar\u00e1 disponible, <strong>hasta el 30 de julio, de martes a s\u00e1bado de 10 a 20hs, domingos y feriados de 12 a 20hs.<\/strong><\/p>\n<p>En esta oportunidad, podr\u00e1n apreciarse los siguientes trajes:<\/p>\n<p>\u00d3pera: Francesca Da Rimini<br \/>\nA\u00f1o: 2000<br \/>\nVestuario: Imme M\u00f6ller<br \/>\nPersonaje: Francesca \u2013 Paolo<\/p>\n<p>\u00d3pera: Don Carlo<br \/>\nA\u00f1o: 1978<br \/>\nVestuario: Hugo de Ana<br \/>\nPersonaje: Isabel de Valois<\/p>\n<p>\u00d3pera: Don Carlo<br \/>\nA\u00f1o: 2015<br \/>\nVestuario: Eugenio Zanetti<br \/>\nPersonaje: Felipe II<\/p>\n<p>\u00d3pera: La Cenerenola<br \/>\nA\u00f1o: 2012<br \/>\nVestuario: Gino Bogani<br \/>\nPersonaje: Cenicienta \u2013 Hermanastras<\/p>\n<p>\u00d3pera: La Traviata<br \/>\nA\u00f1o: 1965<br \/>\nVestuario: Eduardo Lerchundi<br \/>\nPersonaje: &#8211; Violeta valery utilizado por Joan Sutherland (1969)<br \/>\n&#8211; Alfredo utilizado por Jose Carreras (1973)<\/p>\n<p>\u00d3pera: Carmen<br \/>\nA\u00f1o: 1985<br \/>\nVestuario: Jose Varona<br \/>\nPersonaje: Carmen \u2013 Escamillo<\/p>\n<p>\u00d3pera: Tosca<br \/>\nA\u00f1o: 1931<br \/>\nVestuario: Antonio Rovescali<br \/>\nPersonaje: &#8211; Floria Tosca utilizado por Regine Crespin (1962)<br \/>\n&#8211; Baron Scarpia utilizado por Titta ruffo (1931)<\/p>\n<p>\u00d3pera: La Favorita<br \/>\nA\u00f1o: 1995<br \/>\nVestuario: Ulysse Santicchi<br \/>\nPersonaje: Leonora \u2013 Fernando<\/p>\n<p>\u00d3pera: Romeo y Julieta<br \/>\nA\u00f1o: 1981<br \/>\nVestuario: Jose Varona<br \/>\nPersonaje: Julieta \u2013 Romeo<\/p>\n<p>\u00d3pera: Aida<br \/>\nA\u00f1o: 1989<br \/>\nVestuario: Anibal Lapiz<br \/>\nPersonaje: Amneris \u2013 Radames<\/p>\n<p>\u00d3pera: Rigoletto<br \/>\nA\u00f1o: 2019<br \/>\nVestuario: Jes\u00fas Ruiz<br \/>\nPersonaje: Duque de Mantua \u2013 Marullo \u2013 2 cortesanas<\/p>\n<p>\u00d3pera: Adriana Lecouvreur<br \/>\nA\u00f1o: 2017<br \/>\nVestuario: Anibal Lapiz<br \/>\nPersonaje: Principe de Bouillon \u2013 Princesa de Bouillon<\/p>\n<p>Ballet: La Bella Durmiente del Bosque<br \/>\nA\u00f1o: 2011<br \/>\nVestuario: Anibal Lapiz<br \/>\nPersonaje: Rey \u2013 Reina<\/p>\n<p>Ballet: El Lago de los Cisnes<br \/>\nA\u00f1o: 2017<br \/>\nVestuario: Philip Prowse<br \/>\nPersonaje: pareja de Czardas<\/p>","protected":false},"excerpt":{"rendered":"<p>El jueves 28 de abril, a las 20hs, y hasta el mes de julio, el Teatro del Bicentenario inaugura la muestra de Vestuario original del Teatro Col\u00f3n recorriendo 100 a\u00f1os de arte materializados en piezas \u00fanicas. Entrada libre y gratuita El Ministerio de Turismo y&#8230;<\/p>","protected":false},"author":4,"featured_media":23449,"comment_status":"closed","ping_status":"closed","sticky":false,"template":"","format":"standard","meta":{"h5ap_radio_sources":[],"footnotes":""},"categories":[99],"tags":[],"class_list":["post-23444","post","type-post","status-publish","format-standard","has-post-thumbnail","hentry","category-novedades"],"_links":{"self":[{"href":"https:\/\/www.teatrodelbicentenariosanjuan.org\/en\/wp-json\/wp\/v2\/posts\/23444","targetHints":{"allow":["GET"]}}],"collection":[{"href":"https:\/\/www.teatrodelbicentenariosanjuan.org\/en\/wp-json\/wp\/v2\/posts"}],"about":[{"href":"https:\/\/www.teatrodelbicentenariosanjuan.org\/en\/wp-json\/wp\/v2\/types\/post"}],"author":[{"embeddable":true,"href":"https:\/\/www.teatrodelbicentenariosanjuan.org\/en\/wp-json\/wp\/v2\/users\/4"}],"replies":[{"embeddable":true,"href":"https:\/\/www.teatrodelbicentenariosanjuan.org\/en\/wp-json\/wp\/v2\/comments?post=23444"}],"version-history":[{"count":2,"href":"https:\/\/www.teatrodelbicentenariosanjuan.org\/en\/wp-json\/wp\/v2\/posts\/23444\/revisions"}],"predecessor-version":[{"id":23451,"href":"https:\/\/www.teatrodelbicentenariosanjuan.org\/en\/wp-json\/wp\/v2\/posts\/23444\/revisions\/23451"}],"wp:featuredmedia":[{"embeddable":true,"href":"https:\/\/www.teatrodelbicentenariosanjuan.org\/en\/wp-json\/wp\/v2\/media\/23449"}],"wp:attachment":[{"href":"https:\/\/www.teatrodelbicentenariosanjuan.org\/en\/wp-json\/wp\/v2\/media?parent=23444"}],"wp:term":[{"taxonomy":"category","embeddable":true,"href":"https:\/\/www.teatrodelbicentenariosanjuan.org\/en\/wp-json\/wp\/v2\/categories?post=23444"},{"taxonomy":"post_tag","embeddable":true,"href":"https:\/\/www.teatrodelbicentenariosanjuan.org\/en\/wp-json\/wp\/v2\/tags?post=23444"}],"curies":[{"name":"wp","href":"https:\/\/api.w.org\/{rel}","templated":true}]}}