{"id":23495,"date":"2022-05-19T09:15:11","date_gmt":"2022-05-19T12:15:11","guid":{"rendered":"https:\/\/www.teatrodelbicentenariosanjuan.org\/?p=23495"},"modified":"2022-05-19T09:15:11","modified_gmt":"2022-05-19T12:15:11","slug":"despues-de-todo-el-espectaculo-original-del-tb-que-sorprendera-en-la-gala-patria","status":"publish","type":"post","link":"https:\/\/www.teatrodelbicentenariosanjuan.org\/en\/novedades\/despues-de-todo-el-espectaculo-original-del-tb-que-sorprendera-en-la-gala-patria\/","title":{"rendered":"\u201cDESPU\u00c9S DE TODO\u201d, EL ESPECT\u00c1CULO ORIGINAL DEL TB QUE SORPRENDER\u00c1 EN LA GALA PATRIA"},"content":{"rendered":"<p><em>El Gobierno de San Juan recibe a los sanjuaninos con la tradicional Gala Patria el pr\u00f3ximo 24 y 25 de mayo en el Teatro del Bicentenario. La obra in\u00e9dita \u201cDespu\u00e9s de todo\u201d, un despliegue esc\u00e9nico y coreogr\u00e1fico \u00fanico para viajar a lo m\u00e1s profundo de las ra\u00edces del pueblo argentino. Funciones con entrada gratuita e ingreso con invitaci\u00f3n.<\/em><\/p>\n<p>El <strong>Gobierno de San Juan<\/strong>, a trav\u00e9s del Ministerio de Turismo y Cultura junto al Teatro del Bicentenario, celebra los 212 a\u00f1os de la Revoluci\u00f3n de Mayo con una nueva edici\u00f3n de la tradicional Gala Patria.<\/p>\n<p>\u201cDespu\u00e9s de Todo\u201d, es el espect\u00e1culo in\u00e9dito que engalanar\u00e1 al polo cultural sanjuanino, bajo la direcci\u00f3n coreogr\u00e1fica del santafesino Alexis Mirenda, en equipo creativo con Victoria Balanza, responsable del Programa de Danza del TB. Buscando enaltecer el encanto de nuestra tierra y los profundos valores nacionales con una mirada innovadora y vanguardista, \u201cDespu\u00e9s de todo\u201d promete un despliegue excepcional.<\/p>\n<p>En esta oportunidad, los ritmos caracter\u00edsticos de las cuatro regiones del pa\u00eds se amalgaman con cada una de las estaciones y de los elementos: el Norte es verano, Cuyo es oto\u00f1o, el invierno es el Sur y la primavera, el Litoral. Cada estaci\u00f3n, a su vez, se desarrolla en tres cuadros, donde los ritmos folkl\u00f3ricos son la base para el despliegue coreogr\u00e1fico que cruza lenguajes contempor\u00e1neos en los cuerpos. La puesta en escena busca colores y ambientes, texturas y elementos esc\u00e9nicos (tierra, hojas, aire) que contrastan cada una de las regiones-estaciones.<\/p>\n<p>El Teatro del Bicentenario apuesta a poner en valor los talentos sanjuaninos en una producci\u00f3n que promete ser inolvidable. <strong>\u201cDespu\u00e9s de todo\u201d<\/strong> cuenta con la participaci\u00f3n de Nahuel M\u00e9ndez en voz en vivo y el Campe\u00f3n Nacional de Malambo, el sanjuanino Sergio Zalazar, quienes se funden armoniosamente en esta exquisita obra con las corporalidades de los 25 bailarines locales.<\/p>\n<p>Esta producci\u00f3n art\u00edstica original es una celebraci\u00f3n a la diversidad de ritmos y paisajes del territorio argentino que deleitar\u00e1 al p\u00fablico en una interpretaci\u00f3n vanguardista de nuestra historia. El cierre de la Gala Patria ser\u00e1 como todos los a\u00f1os con una interpretaci\u00f3n del <strong>Himno Nacional Argentino<\/strong>, bajo la direcci\u00f3n musical y piano de Lucio Flores, quien estar\u00e1 acompa\u00f1ado por Melisa Quiroga en voz, junto a un distinguido cuarteto de cuerdas local.<\/p>\n<p>Las funciones ser\u00e1n el <strong>pr\u00f3ximo martes 24 de mayo, a las 22hs y el mi\u00e9rcoles 25 de mayo, a las 19hs. La entrada es gratuita y con invitaci\u00f3n: se podr\u00e1 retirar hasta 2 invitaciones por persona en Boleter\u00eda del TB, a partir del viernes 20 de mayo,<\/strong> en horario de lunes a viernes de 9:30 a 14hs. y de 16 a 20hs; y el d\u00eda s\u00e1bado de 10 a 13:30hs.<\/p>","protected":false},"excerpt":{"rendered":"<p>El Gobierno de San Juan recibe a los sanjuaninos con la tradicional Gala Patria el pr\u00f3ximo 24 y 25 de mayo en el Teatro del Bicentenario. La obra in\u00e9dita \u201cDespu\u00e9s de todo\u201d, un despliegue esc\u00e9nico y coreogr\u00e1fico \u00fanico para viajar a lo m\u00e1s profundo de&#8230;<\/p>","protected":false},"author":4,"featured_media":23496,"comment_status":"closed","ping_status":"closed","sticky":false,"template":"","format":"standard","meta":{"h5ap_radio_sources":[],"footnotes":""},"categories":[99],"tags":[],"class_list":["post-23495","post","type-post","status-publish","format-standard","has-post-thumbnail","hentry","category-novedades"],"_links":{"self":[{"href":"https:\/\/www.teatrodelbicentenariosanjuan.org\/en\/wp-json\/wp\/v2\/posts\/23495","targetHints":{"allow":["GET"]}}],"collection":[{"href":"https:\/\/www.teatrodelbicentenariosanjuan.org\/en\/wp-json\/wp\/v2\/posts"}],"about":[{"href":"https:\/\/www.teatrodelbicentenariosanjuan.org\/en\/wp-json\/wp\/v2\/types\/post"}],"author":[{"embeddable":true,"href":"https:\/\/www.teatrodelbicentenariosanjuan.org\/en\/wp-json\/wp\/v2\/users\/4"}],"replies":[{"embeddable":true,"href":"https:\/\/www.teatrodelbicentenariosanjuan.org\/en\/wp-json\/wp\/v2\/comments?post=23495"}],"version-history":[{"count":3,"href":"https:\/\/www.teatrodelbicentenariosanjuan.org\/en\/wp-json\/wp\/v2\/posts\/23495\/revisions"}],"predecessor-version":[{"id":23502,"href":"https:\/\/www.teatrodelbicentenariosanjuan.org\/en\/wp-json\/wp\/v2\/posts\/23495\/revisions\/23502"}],"wp:featuredmedia":[{"embeddable":true,"href":"https:\/\/www.teatrodelbicentenariosanjuan.org\/en\/wp-json\/wp\/v2\/media\/23496"}],"wp:attachment":[{"href":"https:\/\/www.teatrodelbicentenariosanjuan.org\/en\/wp-json\/wp\/v2\/media?parent=23495"}],"wp:term":[{"taxonomy":"category","embeddable":true,"href":"https:\/\/www.teatrodelbicentenariosanjuan.org\/en\/wp-json\/wp\/v2\/categories?post=23495"},{"taxonomy":"post_tag","embeddable":true,"href":"https:\/\/www.teatrodelbicentenariosanjuan.org\/en\/wp-json\/wp\/v2\/tags?post=23495"}],"curies":[{"name":"wp","href":"https:\/\/api.w.org\/{rel}","templated":true}]}}