{"id":23563,"date":"2022-06-02T10:45:00","date_gmt":"2022-06-02T13:45:00","guid":{"rendered":"https:\/\/www.teatrodelbicentenariosanjuan.org\/?p=23563"},"modified":"2022-06-02T10:45:00","modified_gmt":"2022-06-02T13:45:00","slug":"el-tb-convoca-a-bailarines-de-danzas-espanolas-para-la-obra-requiem","status":"publish","type":"post","link":"https:\/\/www.teatrodelbicentenariosanjuan.org\/en\/novedades\/el-tb-convoca-a-bailarines-de-danzas-espanolas-para-la-obra-requiem\/","title":{"rendered":"EL TB CONVOCA A BAILARINES DE DANZAS ESPA\u00d1OLAS PARA LA OBRA REQUIEM"},"content":{"rendered":"<p><em>La selecci\u00f3n ser\u00e1 en modalidad online y habr\u00e1 tiempo de inscribirse hasta el pr\u00f3ximo jueves 16 de junio, a las 12 hs. Para m\u00e1s informaci\u00f3n sobre las inscripciones: www.teatrodelbicentenariosanjuan.org\/<\/em><\/p>\n<p>El <strong>Ministerio de Turismo y Cultura<\/strong>, a trav\u00e9s del <strong>Teatro del Bicentenario<\/strong>, convoca a bailarines de danza espa\u00f1ola a audicionar en modalidad online para ser parte de la obra Requiem, bajo la direcci\u00f3n del director y core\u00f3grafo Yoshua Cienfuegos.<\/p>\n<p>Los seleccionados participar\u00e1n de <strong>Requiem<\/strong>, un espect\u00e1culo interdisciplinar dirigido y producido por el core\u00f3grafo espa\u00f1ol, con fecha de estreno el pr\u00f3ximo 19 de agosto en el polo cultural sanjuanino.<\/p>\n<p>Los requisitos para participar son:<\/p>\n<p>&#8211; Ser mayor de edad<\/p>\n<p>&#8211; Una s\u00f3lida t\u00e9cnica en Danzas Espa\u00f1olas;<\/p>\n<p>&#8211; Disponibilidad de lunes a s\u00e1bado en un horario estimado de 14 a 20hs, del 18 de julio al 21 de agosto;<\/p>\n<p>Los videos para la selecci\u00f3n deben enviarse a trav\u00e9s de un formulario de inscripci\u00f3n en la p\u00e1gina del Teatro del Bicentenario:\u00a0<a href=\"https:\/\/www.teatrodelbicentenariosanjuan.org\/convocatoria-requiem\/\">https:\/\/www.teatrodelbicentenariosanjuan.org\/convocatoria-requiem\/<\/a><\/p>\n<p>Los bailarines <strong>seleccionados ser\u00e1n anunciados el viernes 24 de junio.<\/strong><\/p>\n<p>Para dudas y consultas, los interesados podr\u00e1n contactarse mediante este mail: audiciones.teatrobicentenario@gmail.com<\/p>","protected":false},"excerpt":{"rendered":"<p>La selecci\u00f3n ser\u00e1 en modalidad online y habr\u00e1 tiempo de inscribirse hasta el pr\u00f3ximo jueves 16 de junio, a las 12 hs. Para m\u00e1s informaci\u00f3n sobre las inscripciones: www.teatrodelbicentenariosanjuan.org\/ El Ministerio de Turismo y Cultura, a trav\u00e9s del Teatro del Bicentenario, convoca a bailarines de&#8230;<\/p>","protected":false},"author":4,"featured_media":23564,"comment_status":"closed","ping_status":"closed","sticky":false,"template":"","format":"standard","meta":{"h5ap_radio_sources":[],"footnotes":""},"categories":[99],"tags":[],"class_list":["post-23563","post","type-post","status-publish","format-standard","has-post-thumbnail","hentry","category-novedades"],"_links":{"self":[{"href":"https:\/\/www.teatrodelbicentenariosanjuan.org\/en\/wp-json\/wp\/v2\/posts\/23563","targetHints":{"allow":["GET"]}}],"collection":[{"href":"https:\/\/www.teatrodelbicentenariosanjuan.org\/en\/wp-json\/wp\/v2\/posts"}],"about":[{"href":"https:\/\/www.teatrodelbicentenariosanjuan.org\/en\/wp-json\/wp\/v2\/types\/post"}],"author":[{"embeddable":true,"href":"https:\/\/www.teatrodelbicentenariosanjuan.org\/en\/wp-json\/wp\/v2\/users\/4"}],"replies":[{"embeddable":true,"href":"https:\/\/www.teatrodelbicentenariosanjuan.org\/en\/wp-json\/wp\/v2\/comments?post=23563"}],"version-history":[{"count":1,"href":"https:\/\/www.teatrodelbicentenariosanjuan.org\/en\/wp-json\/wp\/v2\/posts\/23563\/revisions"}],"predecessor-version":[{"id":23565,"href":"https:\/\/www.teatrodelbicentenariosanjuan.org\/en\/wp-json\/wp\/v2\/posts\/23563\/revisions\/23565"}],"wp:featuredmedia":[{"embeddable":true,"href":"https:\/\/www.teatrodelbicentenariosanjuan.org\/en\/wp-json\/wp\/v2\/media\/23564"}],"wp:attachment":[{"href":"https:\/\/www.teatrodelbicentenariosanjuan.org\/en\/wp-json\/wp\/v2\/media?parent=23563"}],"wp:term":[{"taxonomy":"category","embeddable":true,"href":"https:\/\/www.teatrodelbicentenariosanjuan.org\/en\/wp-json\/wp\/v2\/categories?post=23563"},{"taxonomy":"post_tag","embeddable":true,"href":"https:\/\/www.teatrodelbicentenariosanjuan.org\/en\/wp-json\/wp\/v2\/tags?post=23563"}],"curies":[{"name":"wp","href":"https:\/\/api.w.org\/{rel}","templated":true}]}}