{"id":23568,"date":"2022-06-02T13:20:56","date_gmt":"2022-06-02T16:20:56","guid":{"rendered":"https:\/\/www.teatrodelbicentenariosanjuan.org\/?p=23568"},"modified":"2022-06-02T13:21:28","modified_gmt":"2022-06-02T16:21:28","slug":"estos-son-los-sanjuaninos-que-bailaran-en-la-gala-fundacion-de-san-juan-junto-al-bfn","status":"publish","type":"post","link":"https:\/\/www.teatrodelbicentenariosanjuan.org\/en\/novedades\/estos-son-los-sanjuaninos-que-bailaran-en-la-gala-fundacion-de-san-juan-junto-al-bfn\/","title":{"rendered":"ESTOS SON LOS SANJUANINOS QUE BAILAR\u00c1N EN LA GALA FUNDACI\u00d3N DE SAN JUAN JUNTO AL BFN"},"content":{"rendered":"<p><em>Son 30 los bailarines locales seleccionados para acompa\u00f1ar al Ballet Folkl\u00f3rico Nacional en la Velada de Gala del domingo 12 de junio en el Teatro del Bicentenario, en el marco de los festejos fundacionales en Capital.<\/em><\/p>\n<p>Capital celebra San Juan con una nutrida agenda de actividades inclusivas. Para mayor participaci\u00f3n se lanz\u00f3 una convocatoria abierta a bailarines de edades variadas para acompa\u00f1ar al prestigioso Ballet Folkl\u00f3rico Nacional en la Velada de Gala del domingo 12 de junio, en la v\u00edspera del 460 aniversario de la Fundaci\u00f3n.<\/p>\n<p>Tras las audiciones, los bailarines seleccionados son:<\/p>\n<p><strong>HOMBRES<\/strong><\/p>\n<p>&#8211; Franco Palacio<br \/>\n&#8211; Mariano Emanuel Mill\u00f3n <br \/>\n&#8211; Alejandro David Almarcha Mart\u00ednez<br \/>\n&#8211; Mat\u00edas Jes\u00fas Zalazar <br \/>\n&#8211; Franco Gabriel N\u00fa\u00f1ez Guevara<br \/>\n&#8211; Mart\u00edn S\u00e1nchez L\u00f3pez <br \/>\n&#8211; Mat\u00edas Fern\u00e1ndez<br \/>\n&#8211; Mart\u00edn Gim\u00e9nez<br \/>\n&#8211; Juan Ignacio L\u00f3pez (suplente)<\/p>\n<p>\n<strong>MUJERES<\/strong><\/p>\n<p>&#8211; Florencia Micaela Tejada <br \/>\n&#8211; Luciana Icazatti <br \/>\n&#8211; Priscila Murua <br \/>\n&#8211; Roxana Alcober<br \/>\n&#8211; Mar\u00eda Fernanda de la Vega<br \/>\n&#8211; Candela C\u00e1ceres <br \/>\n&#8211; Florencia Daniela Tejada<br \/>\n&#8211; Ana Paula Anzor Rodr\u00edguez <br \/>\n&#8211; Micaela Salinas (suplente)<\/p>\n<p>\n<strong>NI\u00d1OS<\/strong><\/p>\n<p>&#8211; Jerem\u00edas Vera Sabattini<br \/>\n&#8211; Tom\u00e1s Valent\u00edn Di Blasi \u00c1vila<br \/>\n&#8211; Enzo Lautaro P\u00e9rez Ontivero<\/p>\n<p>\n<strong>NI\u00d1AS<\/strong><\/p>\n<p>&#8211; Martina Jazm\u00edn Mora<br \/>\n&#8211; Josefina Salvalaggio<br \/>\n&#8211; Kiara Nicole Mor\u00e1n<\/p>\n<p><strong>MUJERES ADULTOS MAYORES<\/strong><\/p>\n<p>&#8211; Graciela Dist\u00e9fano<br \/>\n&#8211; Rosa Quiroga<br \/>\n&#8211; Cristina Recio<br \/>\n&#8211; Patricia Garc\u00eda<\/p>\n<p>\n<strong>HOMBRES ADULTOS MAYORES<\/strong><\/p>\n<p>&#8211; Alberto Oviedo<br \/>\n&#8211; Carlos Agrelo<\/p>\n<p><strong>La funci\u00f3n ser\u00e1 en el Teatro del Bicentenario, desde las 21 horas<\/strong>. Durante la Gala Fundaci\u00f3n de San Juan, el Concejo Deliberante de Capital entregar\u00e1 las distinciones a los vecinos ilustres de Capital. La interpretaci\u00f3n del Himno Nacional Argentino, junto a Melisa Quiroga, Lucio Flores y la Camerata San Juan. El espect\u00e1culo comenzar\u00e1 a las 21.00 y contar\u00e1 con la conducci\u00f3n de Marcela Podda y Sebasti\u00e1n Olivera.<\/p>\n<p><strong>El ballet m\u00e1s tradicional del pa\u00eds<\/strong><\/p>\n<p>Creado en 1990, el BFN est\u00e1 integrado por 40 bailarines y bailarinas provenientes de diferentes provincias. Su labor est\u00e1 apoyada por un equipo t\u00e9cnico- art\u00edstico de destacados profesionales en iluminaci\u00f3n, vestuario, sonido, utiler\u00eda y multimedia.<\/p>\n<p>Dirigido en sus inicios por Santiago Ayala y Norma Viola, el ballet trabaj\u00f3 siempre con la concepci\u00f3n art\u00edstica de realizar versiones coreogr\u00e1ficas y escenificaciones de mitos, costumbres, historias, leyendas y paisajes, reflejo de la expresi\u00f3n de las culturas regionales y tradicionales argentinas.<\/p>\n<p>A lo largo de m\u00e1s de 30 a\u00f1os se present\u00f3 en Colombia, Brasil, Paraguay, Chile, M\u00e9xico, Espa\u00f1a, Portugal, Bulgaria, Albania, Francia, Suiza y Jap\u00f3n, entre otros importantes escenarios nacionales e internacionales.<\/p>","protected":false},"excerpt":{"rendered":"<p>Son 30 los bailarines locales seleccionados para acompa\u00f1ar al Ballet Folkl\u00f3rico Nacional en la Velada de Gala del domingo 12 de junio en el Teatro del Bicentenario, en el marco de los festejos fundacionales en Capital. Capital celebra San Juan con una nutrida agenda de&#8230;<\/p>","protected":false},"author":4,"featured_media":23569,"comment_status":"closed","ping_status":"closed","sticky":false,"template":"","format":"standard","meta":{"h5ap_radio_sources":[],"footnotes":""},"categories":[99],"tags":[],"class_list":["post-23568","post","type-post","status-publish","format-standard","has-post-thumbnail","hentry","category-novedades"],"_links":{"self":[{"href":"https:\/\/www.teatrodelbicentenariosanjuan.org\/en\/wp-json\/wp\/v2\/posts\/23568","targetHints":{"allow":["GET"]}}],"collection":[{"href":"https:\/\/www.teatrodelbicentenariosanjuan.org\/en\/wp-json\/wp\/v2\/posts"}],"about":[{"href":"https:\/\/www.teatrodelbicentenariosanjuan.org\/en\/wp-json\/wp\/v2\/types\/post"}],"author":[{"embeddable":true,"href":"https:\/\/www.teatrodelbicentenariosanjuan.org\/en\/wp-json\/wp\/v2\/users\/4"}],"replies":[{"embeddable":true,"href":"https:\/\/www.teatrodelbicentenariosanjuan.org\/en\/wp-json\/wp\/v2\/comments?post=23568"}],"version-history":[{"count":2,"href":"https:\/\/www.teatrodelbicentenariosanjuan.org\/en\/wp-json\/wp\/v2\/posts\/23568\/revisions"}],"predecessor-version":[{"id":23571,"href":"https:\/\/www.teatrodelbicentenariosanjuan.org\/en\/wp-json\/wp\/v2\/posts\/23568\/revisions\/23571"}],"wp:featuredmedia":[{"embeddable":true,"href":"https:\/\/www.teatrodelbicentenariosanjuan.org\/en\/wp-json\/wp\/v2\/media\/23569"}],"wp:attachment":[{"href":"https:\/\/www.teatrodelbicentenariosanjuan.org\/en\/wp-json\/wp\/v2\/media?parent=23568"}],"wp:term":[{"taxonomy":"category","embeddable":true,"href":"https:\/\/www.teatrodelbicentenariosanjuan.org\/en\/wp-json\/wp\/v2\/categories?post=23568"},{"taxonomy":"post_tag","embeddable":true,"href":"https:\/\/www.teatrodelbicentenariosanjuan.org\/en\/wp-json\/wp\/v2\/tags?post=23568"}],"curies":[{"name":"wp","href":"https:\/\/api.w.org\/{rel}","templated":true}]}}