{"id":23722,"date":"2022-08-19T10:47:18","date_gmt":"2022-08-19T13:47:18","guid":{"rendered":"https:\/\/www.teatrodelbicentenariosanjuan.org\/?p=23722"},"modified":"2022-08-19T10:47:18","modified_gmt":"2022-08-19T13:47:18","slug":"el-equipo-del-tb-se-prepara-para-recibir-a-personas-con-discapacidad-en-su-primera-funcion-accesible","status":"publish","type":"post","link":"https:\/\/www.teatrodelbicentenariosanjuan.org\/en\/novedades\/el-equipo-del-tb-se-prepara-para-recibir-a-personas-con-discapacidad-en-su-primera-funcion-accesible\/","title":{"rendered":"EL EQUIPO DEL TB SE PREPARA PARA RECIBIR A PERSONAS CON DISCAPACIDAD EN SU PRIMERA FUNCI\u00d3N ACCESIBLE"},"content":{"rendered":"<div><i>Es a ra\u00edz de las primeras funciones accesibles que se realizar\u00e1n con la obra \u00abEl hombre que perdi\u00f3 su sombra\u00bb, el 29 de agosto pr\u00f3ximo.<\/i><\/div>\n<div><i><br \/>\n<\/i>El equipo del Teatro del Bicentenario recibi\u00f3 esta ma\u00f1ana una capacitaci\u00f3n intensiva sobre la atenci\u00f3n de personas con discapacidad y modelo de atenci\u00f3n inclusivo. La charla estuvo dictada por especialistas de la Direcci\u00f3n de Discapacidad provincial y fue solicitada por el Teatro como preparaci\u00f3n para recibir al p\u00fablico en las primeras funciones accesibles que realizar\u00e1n en la Sala Principal con la obra \u201cEl hombre que perdi\u00f3 su sombra\u201d, el pr\u00f3ximo 29 de agosto, con funciones a las 10 y 15:30hs.<\/div>\n<div>\nTodos los asistentes de Sala, Visitas Guiadas, Recepci\u00f3n, Boleter\u00eda y Comunicaci\u00f3n del Teatro asistieron al taller en donde se habl\u00f3 de distintos tipos de discapacidad y la forma adecuada de manejo y asistencia.<\/div>\n<div>\nPara poder comprender cabalmente lo explicado, los capacitadores pusieron al personal en la piel del otro: utilizando sillas de ruedas, muletas y hasta antifaces pudieron simular la movilidad reducida y la discapacidad visual.<\/div>\n<div>\nEsta es una capacitaci\u00f3n m\u00e1s en el marco del camino emprendido hace un tiempo por el coloso cultural sanjuanino, que tiene que ver con \u00a0trabajar en una pol\u00edtica de inclusi\u00f3n. Por ello, el Teatro del Bicentenario, perteneciente al Ministerio de Turismo y Cultura, se compromete a promover una mayor participaci\u00f3n e integraci\u00f3n en la cultura a las personas con discapacidad; buscando facilitar su acceso a los espect\u00e1culos organizados por el propio teatro.\u00a0<\/div>\n<div>\nEn este sentido, es que el TB viene llevando acciones concretas con el prop\u00f3sito de que las personas con discapacidad puedan acceder a nuestras instalaciones con adecuados est\u00e1ndares de calidad, considerando el confort, el bienestar, la seguridad y la accesibilidad para disfrutar de Nuestro Teatro.<\/div>","protected":false},"excerpt":{"rendered":"<p>Es a ra\u00edz de las primeras funciones accesibles que se realizar\u00e1n con la obra \u00abEl hombre que perdi\u00f3 su sombra\u00bb, el 29 de agosto pr\u00f3ximo. El equipo del Teatro del Bicentenario recibi\u00f3 esta ma\u00f1ana una capacitaci\u00f3n intensiva sobre la atenci\u00f3n de personas con discapacidad y&#8230;<\/p>","protected":false},"author":4,"featured_media":23723,"comment_status":"closed","ping_status":"closed","sticky":false,"template":"","format":"standard","meta":{"h5ap_radio_sources":[],"footnotes":""},"categories":[99],"tags":[],"class_list":["post-23722","post","type-post","status-publish","format-standard","has-post-thumbnail","hentry","category-novedades"],"_links":{"self":[{"href":"https:\/\/www.teatrodelbicentenariosanjuan.org\/en\/wp-json\/wp\/v2\/posts\/23722","targetHints":{"allow":["GET"]}}],"collection":[{"href":"https:\/\/www.teatrodelbicentenariosanjuan.org\/en\/wp-json\/wp\/v2\/posts"}],"about":[{"href":"https:\/\/www.teatrodelbicentenariosanjuan.org\/en\/wp-json\/wp\/v2\/types\/post"}],"author":[{"embeddable":true,"href":"https:\/\/www.teatrodelbicentenariosanjuan.org\/en\/wp-json\/wp\/v2\/users\/4"}],"replies":[{"embeddable":true,"href":"https:\/\/www.teatrodelbicentenariosanjuan.org\/en\/wp-json\/wp\/v2\/comments?post=23722"}],"version-history":[{"count":1,"href":"https:\/\/www.teatrodelbicentenariosanjuan.org\/en\/wp-json\/wp\/v2\/posts\/23722\/revisions"}],"predecessor-version":[{"id":23724,"href":"https:\/\/www.teatrodelbicentenariosanjuan.org\/en\/wp-json\/wp\/v2\/posts\/23722\/revisions\/23724"}],"wp:featuredmedia":[{"embeddable":true,"href":"https:\/\/www.teatrodelbicentenariosanjuan.org\/en\/wp-json\/wp\/v2\/media\/23723"}],"wp:attachment":[{"href":"https:\/\/www.teatrodelbicentenariosanjuan.org\/en\/wp-json\/wp\/v2\/media?parent=23722"}],"wp:term":[{"taxonomy":"category","embeddable":true,"href":"https:\/\/www.teatrodelbicentenariosanjuan.org\/en\/wp-json\/wp\/v2\/categories?post=23722"},{"taxonomy":"post_tag","embeddable":true,"href":"https:\/\/www.teatrodelbicentenariosanjuan.org\/en\/wp-json\/wp\/v2\/tags?post=23722"}],"curies":[{"name":"wp","href":"https:\/\/api.w.org\/{rel}","templated":true}]}}