{"id":23877,"date":"2022-09-08T10:09:07","date_gmt":"2022-09-08T13:09:07","guid":{"rendered":"https:\/\/www.teatrodelbicentenariosanjuan.org\/?p=23877"},"modified":"2022-09-08T11:02:22","modified_gmt":"2022-09-08T14:02:22","slug":"diversas-instituciones-podran-ver-gratis-en-el-teatro-del-bicentenario-el-espectaculo-y-que-todo-arda","status":"publish","type":"post","link":"https:\/\/www.teatrodelbicentenariosanjuan.org\/en\/novedades\/diversas-instituciones-podran-ver-gratis-en-el-teatro-del-bicentenario-el-espectaculo-y-que-todo-arda\/","title":{"rendered":"Diversas instituciones podr\u00e1n ver gratis en el Teatro del Bicentenario el espect\u00e1culo \u201cY que todo arda\u201d"},"content":{"rendered":"<p>Es la obra del sanjuanino Juan Francisco L\u00f3pez Bubica, producida por el Teatro Cervantes, que estrena este s\u00e1bado 10 de septiembre.<\/p>\n<p>El Ministerio de Turismo y Cultura, a trav\u00e9s del Teatro del Bicentenario junto con el Teatro Nacional Cervantes, abre sus puertas nuevamente a la comunidad sanjuanina para ser parte de una funci\u00f3n especial gratuita de la obra \u201cY que toda arda\u201d, escrita y dirigida por el sanjuanino Juan Francisco L\u00f3pez Bubica, que llega al escenario del TB en el marco del programa \u2018El Teatro Nacional Cervantes Produce en el pa\u00eds\u2019 con cinco funciones en la Sala Principal.<br \/>\nSe trata de una invitaci\u00f3n a las instituciones educativas de nivel superior, grupos y comunidades para que se inscriban para participar en grupos de 20 personas como m\u00ednimo (mayores de 18 a\u00f1os) y puedan asistir el d\u00eda martes 13 de septiembre a las 20.00; adem\u00e1s de abrir cupos para las funciones del 15, 16 y 17 de septiembre. En \u00e9sta ocasi\u00f3n, espec\u00edficamente, se convoca a instituciones educativas de gesti\u00f3n privada y estatal, de nivel superior; grupos de educaci\u00f3n no formal; centros de jubilados, ONG, colectivos y centros barriales, agrupaciones de pueblos originarios, comedores populares, hogares, grupos de teatro, grupos de estudio, comunidad LGBTTTIQ+, colectivos de mujeres, sindicatos, entre otras instituciones para acceder a este espect\u00e1culo de manera gratuita.<\/p>\n<p>Los interesados deber\u00e1n inscribirse en el formulario que est\u00e1 en la p\u00e1gina web del TB. <a href=\"https:\/\/www.teatrodelbicentenariosanjuan.org\/yquetodoarda\/\">(www.teatrodelbicentenario.org)<\/a> o a trav\u00e9s del siguiente<a href=\"http:\/\/shorturl.at\/et034\"> formulario<\/a><br \/>\nEntrada general: $600. Con el descuento del 50% para jubilados y estudiantes. En Boleter\u00eda del TB de lunes a viernes, de 9:30 a 14hs, de 16 a 20hs, y los s\u00e1bados de 10 a 13:30hs. Tambi\u00e9n a trav\u00e9s de TuEntrada.com a trav\u00e9s de este link<\/p>\n<p>La obra de L\u00f3pez Bubica, protagonizada por Javier Cerimedo, Anah\u00ed del Valle, Silvio Guevara, Mar\u00eda Andrea Huertas, Lulo Mil\u00e1n, Ra\u00fal Paez, Mati Puig y Guille Teroel, es una pieza que interpela al espectador sobre el amor, las relaciones y los mandatos.<\/p>\n<p>Sinopsis:<br \/>\nLas estructuras de la tradicional y conservadora Familia Green se ver\u00e1n alteradas a partir del inicio de la historia de amor entre los j\u00f3venes enamorados.<br \/>\nEl ingreso de Mei a esta familia de renombrado apellido en el pueblo, producir\u00e1 una embriaguez emocional donde todos sus integrantes colapsar\u00e1n hasta la desmesura total.El excentricismo y la inimputabilidad que les envuelve entrar\u00e1 en crisis a partir de que Jean Paul, revisa ciertas pr\u00e1cticas y costumbres e incorpora al clan, lo desconocido, lo disidente, una minor\u00eda. El amor.<br \/>\nCaos, desparpajo, obscenidad y amoralidad se conjugan en esta trama donde encontrar la salvaci\u00f3n sea, tal vez, volar todo por los aires.\u201d<br \/>\nLa puesta cuenta con dise\u00f1o de escenograf\u00eda de Negra L\u00f3pez; de vestuario de Tania Viglione; dise\u00f1o Iluminaci\u00f3n:Tachi Saez; m\u00fasica original: Gabriel D\u00e1vila Kurb\u00e1n y coreograf\u00eda Victoria Balanza.<\/p>","protected":false},"excerpt":{"rendered":"<p>Es la obra del sanjuanino Juan Francisco L\u00f3pez Bubica, producida por el Teatro Cervantes, que estrena este s\u00e1bado 10 de septiembre. El Ministerio de Turismo y Cultura, a trav\u00e9s del Teatro del Bicentenario junto con el Teatro Nacional Cervantes, abre sus puertas nuevamente a la&#8230;<\/p>","protected":false},"author":4,"featured_media":23878,"comment_status":"closed","ping_status":"closed","sticky":false,"template":"","format":"standard","meta":{"h5ap_radio_sources":[],"footnotes":""},"categories":[99],"tags":[],"class_list":["post-23877","post","type-post","status-publish","format-standard","has-post-thumbnail","hentry","category-novedades"],"_links":{"self":[{"href":"https:\/\/www.teatrodelbicentenariosanjuan.org\/en\/wp-json\/wp\/v2\/posts\/23877","targetHints":{"allow":["GET"]}}],"collection":[{"href":"https:\/\/www.teatrodelbicentenariosanjuan.org\/en\/wp-json\/wp\/v2\/posts"}],"about":[{"href":"https:\/\/www.teatrodelbicentenariosanjuan.org\/en\/wp-json\/wp\/v2\/types\/post"}],"author":[{"embeddable":true,"href":"https:\/\/www.teatrodelbicentenariosanjuan.org\/en\/wp-json\/wp\/v2\/users\/4"}],"replies":[{"embeddable":true,"href":"https:\/\/www.teatrodelbicentenariosanjuan.org\/en\/wp-json\/wp\/v2\/comments?post=23877"}],"version-history":[{"count":3,"href":"https:\/\/www.teatrodelbicentenariosanjuan.org\/en\/wp-json\/wp\/v2\/posts\/23877\/revisions"}],"predecessor-version":[{"id":23883,"href":"https:\/\/www.teatrodelbicentenariosanjuan.org\/en\/wp-json\/wp\/v2\/posts\/23877\/revisions\/23883"}],"wp:featuredmedia":[{"embeddable":true,"href":"https:\/\/www.teatrodelbicentenariosanjuan.org\/en\/wp-json\/wp\/v2\/media\/23878"}],"wp:attachment":[{"href":"https:\/\/www.teatrodelbicentenariosanjuan.org\/en\/wp-json\/wp\/v2\/media?parent=23877"}],"wp:term":[{"taxonomy":"category","embeddable":true,"href":"https:\/\/www.teatrodelbicentenariosanjuan.org\/en\/wp-json\/wp\/v2\/categories?post=23877"},{"taxonomy":"post_tag","embeddable":true,"href":"https:\/\/www.teatrodelbicentenariosanjuan.org\/en\/wp-json\/wp\/v2\/tags?post=23877"}],"curies":[{"name":"wp","href":"https:\/\/api.w.org\/{rel}","templated":true}]}}