{"id":23920,"date":"2022-09-26T10:04:22","date_gmt":"2022-09-26T13:04:22","guid":{"rendered":"https:\/\/www.teatrodelbicentenariosanjuan.org\/?p=23920"},"modified":"2022-09-26T10:04:22","modified_gmt":"2022-09-26T13:04:22","slug":"ovacionado-el-ballet-sodre-estreno-la-tregua-en-el-teatro-del-bicentenario","status":"publish","type":"post","link":"https:\/\/www.teatrodelbicentenariosanjuan.org\/en\/novedades\/ovacionado-el-ballet-sodre-estreno-la-tregua-en-el-teatro-del-bicentenario\/","title":{"rendered":"Ovacionado, el Ballet Sodre estren\u00f3 \u201cLa Tregua\u201d en el Teatro del Bicentenario"},"content":{"rendered":"<p>Con gran \u00e9xito, el Ballet Nacional Sodre subi\u00f3 en la noche del s\u00e1bado al escenario del Teatro del Bicentenario para presentar \u201cLa Tregua\u201d, obra que hoy tendr\u00e1 una segunda funci\u00f3n. La puesta basada en la novela de Mario Benedetti, dirigida por Igor Yebra y con coreograf\u00eda de Marina S\u00e1nchez, cautiv\u00f3 a la platea, que aplaudi\u00f3 de pie.<\/p>\n<p>El prestigioso elenco uruguayo, con direcci\u00f3n art\u00edstica de Mar\u00eda Riccetto, cosech\u00f3 esta efusiva respuesta local para una obra que deslumbra por la danza, la m\u00fasica y la puesta escenogr\u00e1fica que brill\u00f3 en el coliseo sanjuanino dependiente del Ministerio de Turismo y Cultura, en su debut en suelo argentino.<\/p>\n<p>Con m\u00fasica original del reconocido integrante de Bajofondo Luciano Supervielle y dramaturgia de Gabriel Calder\u00f3n, \u201cLa Tregua\u201d recorre a lo largo de nueve escenas la historia de Mart\u00edn (interpretado por Sergio Muzzio): un hombre sumido en la rutina laboral que descubrir\u00e1 el amor y su vida se llenar\u00e1 de color con la aparici\u00f3n de Laura (Nadia Mara). Impecables actuaciones protag\u00f3nicas, junto a las de Ciro Tamayo como \u201cRutina\u201d y Vanesa Fleita como \u201cAzar\u201d, resultaron igualmente acompa\u00f1adas por Guillermo Gonz\u00e1lez (bailar\u00edn sanjuanino en el rol de Esteban), Luc\u00eda Gim\u00e9nez, Fabi\u00e1n Sosa, Mel Oliveira, Roc\u00edo Bazarque, Acao\u00e2 The\u00f3filo, Liliana Gonz\u00e1lez y un talentoso cuerpo de baile (que integr\u00f3 Oscar Escudero, tambi\u00e9n sanjuanino, que adem\u00e1s es asistente coreogr\u00e1fico).<\/p>\n<p>La gran propuesta del Ballet Sodre cautiv\u00f3 a los presentes y parece iniciar una auspiciosa relaci\u00f3n art\u00edstica con el p\u00fablico sanjuanino.<\/p>","protected":false},"excerpt":{"rendered":"<p>Con gran \u00e9xito, el Ballet Nacional Sodre subi\u00f3 en la noche del s\u00e1bado al escenario del Teatro del Bicentenario para presentar \u201cLa Tregua\u201d, obra que hoy tendr\u00e1 una segunda funci\u00f3n. La puesta basada en la novela de Mario Benedetti, dirigida por Igor Yebra y con&#8230;<\/p>","protected":false},"author":4,"featured_media":23921,"comment_status":"closed","ping_status":"closed","sticky":false,"template":"","format":"standard","meta":{"h5ap_radio_sources":[],"footnotes":""},"categories":[99],"tags":[],"class_list":["post-23920","post","type-post","status-publish","format-standard","has-post-thumbnail","hentry","category-novedades"],"_links":{"self":[{"href":"https:\/\/www.teatrodelbicentenariosanjuan.org\/en\/wp-json\/wp\/v2\/posts\/23920","targetHints":{"allow":["GET"]}}],"collection":[{"href":"https:\/\/www.teatrodelbicentenariosanjuan.org\/en\/wp-json\/wp\/v2\/posts"}],"about":[{"href":"https:\/\/www.teatrodelbicentenariosanjuan.org\/en\/wp-json\/wp\/v2\/types\/post"}],"author":[{"embeddable":true,"href":"https:\/\/www.teatrodelbicentenariosanjuan.org\/en\/wp-json\/wp\/v2\/users\/4"}],"replies":[{"embeddable":true,"href":"https:\/\/www.teatrodelbicentenariosanjuan.org\/en\/wp-json\/wp\/v2\/comments?post=23920"}],"version-history":[{"count":1,"href":"https:\/\/www.teatrodelbicentenariosanjuan.org\/en\/wp-json\/wp\/v2\/posts\/23920\/revisions"}],"predecessor-version":[{"id":23922,"href":"https:\/\/www.teatrodelbicentenariosanjuan.org\/en\/wp-json\/wp\/v2\/posts\/23920\/revisions\/23922"}],"wp:featuredmedia":[{"embeddable":true,"href":"https:\/\/www.teatrodelbicentenariosanjuan.org\/en\/wp-json\/wp\/v2\/media\/23921"}],"wp:attachment":[{"href":"https:\/\/www.teatrodelbicentenariosanjuan.org\/en\/wp-json\/wp\/v2\/media?parent=23920"}],"wp:term":[{"taxonomy":"category","embeddable":true,"href":"https:\/\/www.teatrodelbicentenariosanjuan.org\/en\/wp-json\/wp\/v2\/categories?post=23920"},{"taxonomy":"post_tag","embeddable":true,"href":"https:\/\/www.teatrodelbicentenariosanjuan.org\/en\/wp-json\/wp\/v2\/tags?post=23920"}],"curies":[{"name":"wp","href":"https:\/\/api.w.org\/{rel}","templated":true}]}}