{"id":23930,"date":"2022-09-28T09:38:52","date_gmt":"2022-09-28T12:38:52","guid":{"rendered":"https:\/\/www.teatrodelbicentenariosanjuan.org\/?p=23930"},"modified":"2022-09-28T09:38:52","modified_gmt":"2022-09-28T12:38:52","slug":"la-prestigiosa-bailarina-maria-riccetto-dio-catedra-en-el-teatro-del-bicentenario","status":"publish","type":"post","link":"https:\/\/www.teatrodelbicentenariosanjuan.org\/en\/novedades\/la-prestigiosa-bailarina-maria-riccetto-dio-catedra-en-el-teatro-del-bicentenario\/","title":{"rendered":"La prestigiosa bailarina Mar\u00eda Riccetto dio c\u00e1tedra en el Teatro del Bicentenario"},"content":{"rendered":"<p>La directora art\u00edstica del Ballet Nacional Sodre encabez\u00f3 una masterclass para j\u00f3venes talentos locales en San Juan.<\/p>\n<p>&nbsp;<\/p>\n<p>La destacada bailarina Mar\u00eda Riccetto, actual directora art\u00edstica del Ballet Nacional Sodre (BNS) de Uruguay, brind\u00f3 una masterclass en el Teatro del Bicentenario destinada a bailarinas y bailarines sanjuaninos. La actividad estuvo enmarcada en los programas gratuitos de formaci\u00f3n que lleva adelante el Ministerio de Turismo y Cultura de la provincia, a trav\u00e9s del TB, y signific\u00f3 una gran oportunidad para poder perfeccionarse en t\u00e9cnica de danza cl\u00e1sica con una reconocida maestra como Riccetto.<\/p>\n<p>Bailarina y empresaria uruguaya, fue solista del American Ballet Theatre por trece a\u00f1os; en 2017 fue reconocida con el m\u00e1ximo galard\u00f3n de la danza cl\u00e1sica, el premio Benois de la Danse y desde enero de 2021, Riccetto est\u00e1 cargo de la direcci\u00f3n art\u00edstica del Ballet SODRE.<\/p>\n<p>El s\u00e1bado en la siesta, en la Sala de danza del TB, se desarroll\u00f3 la clase para el grupo de alumnos de distintas edades y nivel de formaci\u00f3n que se integr\u00f3 a partir de la convocatoria abierta que se hizo a principio de mes, con el \u00fanico requisito de contar con estudio avanzado en t\u00e9cnica cl\u00e1sica. Adem\u00e1s, docentes de danza pudieron participar como oyentes.<\/p>\n<p>\u00abLes dije que no s\u00f3lo se disfruta cuando uno est\u00e1 en el escenario, sino que estos momentos en el sal\u00f3n, el compartir con sus compa\u00f1eros, tambi\u00e9n es importante. La clase fue muy similar a la que le d\u00ed a la compa\u00f1\u00eda ayer, que ten\u00eda el objetivo de sacarse el viaje de encima y poder mover el cuerpo, que se sintieran confortables\u201d dijo Riccetto en referencia al elenco del Sodreque actu\u00f3 el fin de semana en el TB, presentado con \u00e9xito \u201cLa Tregua\u201d.<\/p>\n<p>\u201cFue una clase sencilla para que pudieran calentar de a poquito y subir de intensidad; en donde se pudo trabajar a conciencia pensando en las posiciones, es volver a las bases, que es tan necesario a veces. Hab\u00eda alumnos de distintos niveles y la clase les sirvi\u00f3 a todos\u201d consider\u00f3 la directora que tambi\u00e9n se refiri\u00f3 a las pol\u00edticas de formaci\u00f3n gratuita del TB.<\/p>\n<p>\u00abVengo de un lugar donde el SODRE, como instituci\u00f3n, tiene una escuela de formaci\u00f3n que es gratuita y a la que se accede con audiciones; todos estos trabajos hacia la comunidad me parecen sumamente importantes, la formaci\u00f3n en el arte tiene que ser accesible para todo el mundo entonces que haya estas movidas dentro de estos estos teatros espectaculares como el que tienen ac\u00e1 es incre\u00edble. Estoy muy emocionada de estar ac\u00e1, he escuchado cosas maravillosas de este teatro y conocerlo, poder disfrutarlo, me pone muy feliz. Es la primera gira internacional que hago con la Compa\u00f1\u00eda como directora, as\u00ed que este lugar me lo voy a llevar en el coraz\u00f3n siempre&#8217; sostuvo Riccetto en un breve contacto con la prensa.<\/p>\n<p>&#8216;Nos han recibido con gran calidez y con un amor por las artes esc\u00e9nicas que me llena de orgullo. Van en una muy buena direcci\u00f3n, creo que hay una muy buena gesti\u00f3n detr\u00e1s y que el objetivo es seguir creciendo. A veces, en Latinoam\u00e9rica, se piensa que no se puede, pero que se den estas oportunidades en donde el teatro que nos recibe haya hecho tanto esfuerzo y que nosotros tambi\u00e9n lo hici\u00e9ramos para venir, significa que las cosas se pueden hacer cuando la buena intenci\u00f3n y voluntad est\u00e1n de todas las partes &#8216; cerr\u00f3 la prestigiosa bailarina que lleg\u00f3 junto a la compa\u00f1\u00eda en la primera salida al exterior de \u201cLa Tregua\u201d.<\/p>\n<p>&nbsp;<\/p>\n<p>&nbsp;<\/p>\n<p>&nbsp;<\/p>","protected":false},"excerpt":{"rendered":"<p>La directora art\u00edstica del Ballet Nacional Sodre encabez\u00f3 una masterclass para j\u00f3venes talentos locales en San Juan. &nbsp; La destacada bailarina Mar\u00eda Riccetto, actual directora art\u00edstica del Ballet Nacional Sodre (BNS) de Uruguay, brind\u00f3 una masterclass en el Teatro del Bicentenario destinada a bailarinas y&#8230;<\/p>","protected":false},"author":4,"featured_media":23932,"comment_status":"closed","ping_status":"closed","sticky":false,"template":"","format":"standard","meta":{"h5ap_radio_sources":[],"footnotes":""},"categories":[99],"tags":[],"class_list":["post-23930","post","type-post","status-publish","format-standard","has-post-thumbnail","hentry","category-novedades"],"_links":{"self":[{"href":"https:\/\/www.teatrodelbicentenariosanjuan.org\/en\/wp-json\/wp\/v2\/posts\/23930","targetHints":{"allow":["GET"]}}],"collection":[{"href":"https:\/\/www.teatrodelbicentenariosanjuan.org\/en\/wp-json\/wp\/v2\/posts"}],"about":[{"href":"https:\/\/www.teatrodelbicentenariosanjuan.org\/en\/wp-json\/wp\/v2\/types\/post"}],"author":[{"embeddable":true,"href":"https:\/\/www.teatrodelbicentenariosanjuan.org\/en\/wp-json\/wp\/v2\/users\/4"}],"replies":[{"embeddable":true,"href":"https:\/\/www.teatrodelbicentenariosanjuan.org\/en\/wp-json\/wp\/v2\/comments?post=23930"}],"version-history":[{"count":2,"href":"https:\/\/www.teatrodelbicentenariosanjuan.org\/en\/wp-json\/wp\/v2\/posts\/23930\/revisions"}],"predecessor-version":[{"id":23933,"href":"https:\/\/www.teatrodelbicentenariosanjuan.org\/en\/wp-json\/wp\/v2\/posts\/23930\/revisions\/23933"}],"wp:featuredmedia":[{"embeddable":true,"href":"https:\/\/www.teatrodelbicentenariosanjuan.org\/en\/wp-json\/wp\/v2\/media\/23932"}],"wp:attachment":[{"href":"https:\/\/www.teatrodelbicentenariosanjuan.org\/en\/wp-json\/wp\/v2\/media?parent=23930"}],"wp:term":[{"taxonomy":"category","embeddable":true,"href":"https:\/\/www.teatrodelbicentenariosanjuan.org\/en\/wp-json\/wp\/v2\/categories?post=23930"},{"taxonomy":"post_tag","embeddable":true,"href":"https:\/\/www.teatrodelbicentenariosanjuan.org\/en\/wp-json\/wp\/v2\/tags?post=23930"}],"curies":[{"name":"wp","href":"https:\/\/api.w.org\/{rel}","templated":true}]}}