{"id":23943,"date":"2022-10-03T13:23:50","date_gmt":"2022-10-03T16:23:50","guid":{"rendered":"https:\/\/www.teatrodelbicentenariosanjuan.org\/?p=23943"},"modified":"2022-10-03T13:23:50","modified_gmt":"2022-10-03T16:23:50","slug":"regresa-a-san-juan-el-banff-con-el-mejor-cine-de-montana","status":"publish","type":"post","link":"https:\/\/www.teatrodelbicentenariosanjuan.org\/en\/novedades\/regresa-a-san-juan-el-banff-con-el-mejor-cine-de-montana\/","title":{"rendered":"Regresa a San Juan el BANFF con el mejor cine de monta\u00f1a"},"content":{"rendered":"<p>El 6 y 7 de octubre se podr\u00e1n ver las producciones m\u00e1s extremas en la Sala Audit\u00f3rium del Teatro del Bicentenario. Entradas en venta.<\/p>\n<div dir=\"auto\">Con el apoyo del Ministerio de Turismo y Cultura, nuevamente\u00a0<strong>el Teatro del Bicentenario ser\u00e1 el epicentro para el BANFF Mountain Film Festival World Tour.<\/strong>\u00a0Nacido en Canad\u00e1, recala en Argentina en su<strong>\u00a022\u00aa edici\u00f3n consecutiva\u00a0<\/strong>y en su recorrido por el interior del pa\u00eds llegar\u00e1 el<strong>\u00a06 y 7 de octubre a<\/strong>\u00a0San Juan, de la mano del Club Andino Mercedario, para presentar en la Sala Audit\u00f3rium del TB,\u00a0<strong>dos d\u00edas de proyecciones de las mejores producciones internacionales y de realizadores argentinos que retratan paisajes y culturas lejanas<\/strong>,<strong>\u00a0la adrenalina de los deportes extremos, inspiradoras historias de vida y la uni\u00f3n con la naturaleza<\/strong>.<\/div>\n<div dir=\"auto\">\u00a0<\/div>\n<div dir=\"auto\">La entrada costar\u00e1 $1500 por funci\u00f3n, en venta anticipada en el Club Andino Mercedario y en el local de Ansilta. En Boleter\u00eda de Sala Audit\u00f3rium previo a cada funci\u00f3n.<\/div>\n<div dir=\"auto\">\u00a0<\/div>\n<h3 dir=\"auto\"><b>THEATER PROGRAM<\/b><\/h3>\n<div dir=\"auto\">\u00a0<\/div>\n<div dir=\"auto\"><strong>6 de Octubre<\/strong><\/div>\n<div dir=\"auto\">Proyecci\u00f3n de siete cortos y pel\u00edculas documentales llegadas de pa\u00edses como Canad\u00e1, Austria, Noruega, Francia y Estados Unidos, entre otros. Se destacan el film noruego \u00abExit the North Pole\u201d que registra la experiencia de B\u00f8rge Ousland, uno de los exploradores polares m\u00e1s experimentados del mundo.<\/div>\n<div dir=\"auto\">\u00a0<\/div>\n<div dir=\"auto\"><strong>7 de octubre<\/strong><\/div>\n<div dir=\"auto\">Ser\u00e1 la \u201cNoche argentina\u201d dedicada a los realizadores argentinos que se presentar\u00e1n durante el Festival Nacional de Cine Aventura. Entre las seis pel\u00edculas seleccionadas, se podr\u00e1 ver \u201cCerro Torre Climb &amp; Fly\u201d, del director Mario Heller, que cuenta la haza\u00f1a de tres escaladores y parapentistas durante su ascenso por las empinadas paredes del cerro Torre. Tambi\u00e9n se proyectar\u00e1 \u201c100\u201d un documental de Alejandro Rivera que refleja las vivencias del reconocido corredor argentino, Santos Gabriel Rueda, mientras completa los 100 kms. de Bariloche100 Ultra Trail.<\/div>","protected":false},"excerpt":{"rendered":"<p>El 6 y 7 de octubre se podr\u00e1n ver las producciones m\u00e1s extremas en la Sala Audit\u00f3rium del Teatro del Bicentenario. Entradas en venta. Con el apoyo del Ministerio de Turismo y Cultura, nuevamente\u00a0el Teatro del Bicentenario ser\u00e1 el epicentro para el BANFF Mountain Film&#8230;<\/p>","protected":false},"author":4,"featured_media":23944,"comment_status":"closed","ping_status":"closed","sticky":false,"template":"","format":"standard","meta":{"h5ap_radio_sources":[],"footnotes":""},"categories":[99],"tags":[],"class_list":["post-23943","post","type-post","status-publish","format-standard","has-post-thumbnail","hentry","category-novedades"],"_links":{"self":[{"href":"https:\/\/www.teatrodelbicentenariosanjuan.org\/en\/wp-json\/wp\/v2\/posts\/23943","targetHints":{"allow":["GET"]}}],"collection":[{"href":"https:\/\/www.teatrodelbicentenariosanjuan.org\/en\/wp-json\/wp\/v2\/posts"}],"about":[{"href":"https:\/\/www.teatrodelbicentenariosanjuan.org\/en\/wp-json\/wp\/v2\/types\/post"}],"author":[{"embeddable":true,"href":"https:\/\/www.teatrodelbicentenariosanjuan.org\/en\/wp-json\/wp\/v2\/users\/4"}],"replies":[{"embeddable":true,"href":"https:\/\/www.teatrodelbicentenariosanjuan.org\/en\/wp-json\/wp\/v2\/comments?post=23943"}],"version-history":[{"count":1,"href":"https:\/\/www.teatrodelbicentenariosanjuan.org\/en\/wp-json\/wp\/v2\/posts\/23943\/revisions"}],"predecessor-version":[{"id":23945,"href":"https:\/\/www.teatrodelbicentenariosanjuan.org\/en\/wp-json\/wp\/v2\/posts\/23943\/revisions\/23945"}],"wp:featuredmedia":[{"embeddable":true,"href":"https:\/\/www.teatrodelbicentenariosanjuan.org\/en\/wp-json\/wp\/v2\/media\/23944"}],"wp:attachment":[{"href":"https:\/\/www.teatrodelbicentenariosanjuan.org\/en\/wp-json\/wp\/v2\/media?parent=23943"}],"wp:term":[{"taxonomy":"category","embeddable":true,"href":"https:\/\/www.teatrodelbicentenariosanjuan.org\/en\/wp-json\/wp\/v2\/categories?post=23943"},{"taxonomy":"post_tag","embeddable":true,"href":"https:\/\/www.teatrodelbicentenariosanjuan.org\/en\/wp-json\/wp\/v2\/tags?post=23943"}],"curies":[{"name":"wp","href":"https:\/\/api.w.org\/{rel}","templated":true}]}}