{"id":24000,"date":"2022-10-19T12:14:06","date_gmt":"2022-10-19T15:14:06","guid":{"rendered":"https:\/\/www.teatrodelbicentenariosanjuan.org\/?p=24000"},"modified":"2022-10-19T12:14:06","modified_gmt":"2022-10-19T15:14:06","slug":"el-tb-completara-una-temporada-2022-vibrante-y-conmovedora","status":"publish","type":"post","link":"https:\/\/www.teatrodelbicentenariosanjuan.org\/en\/aniversario\/el-tb-completara-una-temporada-2022-vibrante-y-conmovedora\/","title":{"rendered":"El TB completar\u00e1 una temporada 2022 vibrante y conmovedora"},"content":{"rendered":"<p><em>El Teatro del Bicentenario transita con gran \u00e9xito su temporada 2022. Una programaci\u00f3n que incluy\u00f3 m\u00fasica, danza, \u00f3pera y teatro, integrada por artistas internacionales, nacionales y locales con funciones de lujo para el p\u00fablico, que asisti\u00f3 de manera masiva al teatro, coliseo dependiente del Ministerio de Turismo y Cultura.<\/em><\/p>\n<p>\nAl inicio de Temporada, la m\u00fasica se fusion\u00f3 con los espacios exteriores y comparti\u00f3 las tardes de verano con el programa <strong>\u201cM\u00fasica en los jardines del TB\u201d<\/strong> que en tres fines de semana de febrero, ofreci\u00f3 conciertos de las agrupaciones locales, \u201cGypsy Jazz\u201d,\u201d Las solistas de los Andes\u201d, y \u201cD-Mol y La Camerata\u201d; veladas en las que, adem\u00e1s se proyectaron audiovisuales de producciones realizadas en la Sala Principal.<\/p>\n<p>\nLa Sala Principal abri\u00f3 temporada con la presencia del carism\u00e1tico bailaor Eduardo Guerrero, que trajo su obra de flamenco, <strong>\u201cSombra ef\u00edmera\u201d<\/strong>; luego, en abril, fue el turno de disfrutar \u00f3pera con <strong>\u201cLa Boh\u00e8me\u201d<\/strong>, en la exquisita reposici\u00f3n del Teatro Col\u00f3n, a tan s\u00f3lo un mes del estreno en Buenos Aires, en coproducci\u00f3n con el TB.<\/p>\n<p>\nEn agosto subi\u00f3 a escena la puesta de vanguardia <strong>\u201cRequiem\u201d<\/strong> del core\u00f3grafo espa\u00f1ol, Yoshua Cienfuegos, con producci\u00f3n del TB y la participaci\u00f3n de bailarines locales. En ese mes, el Teatro comparti\u00f3 grandes momentos con los ni\u00f1os y sus familias, con la bella puesta <strong>\u201cEl hombre que perdi\u00f3 su sombra\u201d<\/strong>, que, de la mano del Teatro Nacional Cervantes, permiti\u00f3 al TB iniciar el camino para ofrecer <strong>obras accesibles<\/strong> para todo tipo de p\u00fablicos, incluyendo tambi\u00e9n a personas con discapacidad visual y auditiva; ya que incluy\u00f3 dispositivos audiovisuales que permitieron apreciar la obra de manera plena y la incorporaci\u00f3n de int\u00e9rprete de lengua de se\u00f1as en el escenario. M\u00e1s de 4000 personas con discapacidad vinieron por primera vez al teatro.<\/p>\n<p>\nSeptiembre trajo por primera vez al <strong>Ballet Nacional SODRE de Uruguay<\/strong>. La destacada compa\u00f1\u00eda present\u00f3 su gran creaci\u00f3n basada en la novela de Mario Benedetti, <strong>\u201cLa Tregua\u201d<\/strong>.<\/p>\n<p>\nPara celebrar su Sexto Aniversario, el Teatro del Bicentenario estrenar\u00e1 este 21 de octubre &#8211; con dos funciones m\u00e1s el 22 y 23- la impactante obra <strong>\u201cCarmina Burana\u201d<\/strong> de Mauricio Wainrot. La exquisita coreograf\u00eda del premiado maestro, con la m\u00fasica de Carl Orff, se amalgama con la actuaci\u00f3n en vivo de la Orquesta Sinf\u00f3nica de San Juan, Coro Universitario, Coro de Ni\u00f1os y J\u00f3venes de la UNSJ, solistas del Ballet Contempor\u00e1neo del Teatro San Mart\u00edn junto a un ballet concertado y cantantes l\u00edricos, para un espect\u00e1culo imperdible. Adem\u00e1s, es una puesta in\u00e9dita, porque por primera vez la Carmina Burana de Wainrot se presenta en Argentina con m\u00fasica y coro en vivo.<\/p>\n<p>\nTambi\u00e9n pasaron por la Sala Principal \u00edconos de la m\u00fasica como, <strong>Miguel Mateos, David Leb\u00f3n, Alejandro Lerner y Dios Salve a la reina y su tributo a Queen<\/strong>, y el sentir nacional con la <strong>Gala Patria<\/strong> y con un ballet formado por bailarines locales, y la <strong>Gala de la Fundaci\u00f3n de San Juan<\/strong> protagonizada por el <strong>Ballet Folcl\u00f3rico Nacional<\/strong>.<\/p>\n<p>\nA\u00fan resta por subir al escenario del TB los conciertos del <strong>Festival Indiana<\/strong> en noviembre y el gran estreno mundial de <strong>\u00c1nima Animal<\/strong> de Herman Cornejo.<\/p>","protected":false},"excerpt":{"rendered":"<p>El Teatro del Bicentenario transita con gran \u00e9xito su temporada 2022. Una programaci\u00f3n que incluy\u00f3 m\u00fasica, danza, \u00f3pera y teatro, integrada por artistas internacionales, nacionales y locales con funciones de lujo para el p\u00fablico, que asisti\u00f3 de manera masiva al teatro, coliseo dependiente del Ministerio&#8230;<\/p>","protected":false},"author":4,"featured_media":24001,"comment_status":"closed","ping_status":"closed","sticky":false,"template":"","format":"standard","meta":{"h5ap_radio_sources":[],"footnotes":""},"categories":[144],"tags":[],"class_list":["post-24000","post","type-post","status-publish","format-standard","has-post-thumbnail","hentry","category-aniversario"],"_links":{"self":[{"href":"https:\/\/www.teatrodelbicentenariosanjuan.org\/en\/wp-json\/wp\/v2\/posts\/24000","targetHints":{"allow":["GET"]}}],"collection":[{"href":"https:\/\/www.teatrodelbicentenariosanjuan.org\/en\/wp-json\/wp\/v2\/posts"}],"about":[{"href":"https:\/\/www.teatrodelbicentenariosanjuan.org\/en\/wp-json\/wp\/v2\/types\/post"}],"author":[{"embeddable":true,"href":"https:\/\/www.teatrodelbicentenariosanjuan.org\/en\/wp-json\/wp\/v2\/users\/4"}],"replies":[{"embeddable":true,"href":"https:\/\/www.teatrodelbicentenariosanjuan.org\/en\/wp-json\/wp\/v2\/comments?post=24000"}],"version-history":[{"count":1,"href":"https:\/\/www.teatrodelbicentenariosanjuan.org\/en\/wp-json\/wp\/v2\/posts\/24000\/revisions"}],"predecessor-version":[{"id":24002,"href":"https:\/\/www.teatrodelbicentenariosanjuan.org\/en\/wp-json\/wp\/v2\/posts\/24000\/revisions\/24002"}],"wp:featuredmedia":[{"embeddable":true,"href":"https:\/\/www.teatrodelbicentenariosanjuan.org\/en\/wp-json\/wp\/v2\/media\/24001"}],"wp:attachment":[{"href":"https:\/\/www.teatrodelbicentenariosanjuan.org\/en\/wp-json\/wp\/v2\/media?parent=24000"}],"wp:term":[{"taxonomy":"category","embeddable":true,"href":"https:\/\/www.teatrodelbicentenariosanjuan.org\/en\/wp-json\/wp\/v2\/categories?post=24000"},{"taxonomy":"post_tag","embeddable":true,"href":"https:\/\/www.teatrodelbicentenariosanjuan.org\/en\/wp-json\/wp\/v2\/tags?post=24000"}],"curies":[{"name":"wp","href":"https:\/\/api.w.org\/{rel}","templated":true}]}}