{"id":24027,"date":"2022-10-25T12:04:09","date_gmt":"2022-10-25T15:04:09","guid":{"rendered":"https:\/\/www.teatrodelbicentenariosanjuan.org\/?p=24027"},"modified":"2022-10-25T12:04:09","modified_gmt":"2022-10-25T15:04:09","slug":"el-tb-celebra-el-dia-mundial-de-la-opera-junto-a-teatros-de-iberoamerica","status":"publish","type":"post","link":"https:\/\/www.teatrodelbicentenariosanjuan.org\/en\/novedades\/el-tb-celebra-el-dia-mundial-de-la-opera-junto-a-teatros-de-iberoamerica\/","title":{"rendered":"El TB celebra el D\u00eda Mundial de la \u00d3pera junto a teatros de Iberoam\u00e9rica"},"content":{"rendered":"<p>Ser\u00e1 el 25 de octubre y el Teatro del Bicentenario, como integrante de \u00d3pera Latinoam\u00e9rica, se sumar\u00e1 a la propuesta que invita a descubrir los procesos de la \u00f3pera, a trav\u00e9s del estreno de microdocumentales en plataformas digitales y redes sociales.<\/p>\n<p>El Teatro del Bicentenario, complejo dependiente del Ministerio de Turismo y Cultura provincial, como integrante de \u00d3pera Latinoam\u00e9rica (OLA), se sumar\u00e1 el pr\u00f3ximo martes 25 de octubre a la celebraci\u00f3n del D\u00eda Mundial de la \u00d3pera y mostrar\u00e1 los procesos de creaci\u00f3n de emblem\u00e1ticas producciones propias como La Flauta m\u00e1gica y Madama Butterfly.<\/p>\n<p>La propuesta de OLA es \u201cdescubrir la \u00f3pera\u201d (unboxing opera) en un esfuerzo por revelar los procesos que tienen lugar en la construcci\u00f3n de una \u00f3pera, compartir su contenido, explicar su funcionamiento, acercarla a las personas y compartir las emociones que suscita mientras los p\u00fablicos descubren un nuevo arte.<\/p>\n<p>En este sentido, el TB mostrar\u00e1 c\u00f3mo fue la construcci\u00f3n de algunos de los personajes de \u201cLa Flauta m\u00e1gica\u201d, gran producci\u00f3n del TB, estrenada en 2019, que fue la primera versi\u00f3n en espa\u00f1ol en el mundo de la famosa pieza en alem\u00e1n compuesta por Mozart. Se transmitir\u00e1 a las 11 del martes 25 y, una hora despu\u00e9s, se subir\u00e1 el microdocumental \u201cPintado de los telones\u201d, referido al trabajo escenogr\u00e1fico realizado en base a los dise\u00f1os del ganador del Oscar Eugenio Zanetti, quien tambi\u00e9n dirigi\u00f3 la producci\u00f3n.<\/p>\n<p>Por la tarde, a las 17 hs, se podr\u00e1 ver el material del montaje de escenograf\u00eda \u201cMadame Butterfly\u201d, la \u00f3pera que el TB present\u00f3 en 2021 en la reapertura de la Sala Principal despu\u00e9s de la cuarentena.<\/p>\n<p>En total, durante todo el d\u00eda martes 25, las redes sociales y plataformas digitales de \u00d3pera Latinoam\u00e9rica y de diferentes teatros de la red estrenar\u00e1n m\u00e1s de 20 microdocumentales que abordar\u00e1n un amplio repertorio de temas como la creaci\u00f3n de una \u00f3pera; el estudio personal de los roles por parte de los cantantes; el pintado de telones y la confecci\u00f3n de vestuario; la caracterizaci\u00f3n de personajes; la experiencia de los p\u00fablicos; y el resguardo de una producci\u00f3n, entre otros.<\/p>\n<p>El D\u00eda Mundial de la \u00d3pera es una iniciativa que fue impulsada por las organizaciones OPERA America, \u00d3pera Europa y \u00d3pera Latinoam\u00e9rica, coincidiendo con el nacimiento de los compositores Georges Bizet y Johann Strauss II.<\/p>\n<p>Unboxing opera<br \/>\nEl concepto de \u201cunboxing\u201d se refiere a los millones de videos que circulan en internet en los que los usuarios abren productos frente a su c\u00e1mara. Se filman a s\u00ed mismos en el proceso de revelar el objeto recibido y lo analizan y explican a su audiencia virtual.<\/p>\n<p>Los videos suelen ser apasionados y reflejan la emoci\u00f3n y el entusiasmo que alguien puede sentir al descubrir algo nuevo.<\/p>\n<p>Este 2022, el D\u00eda Mundial de la \u00d3pera tiene el objetivo de generar las mismas emociones y el mismo entusiasmo acercando a los p\u00fablicos a la l\u00edrica y sus procesos.<\/p>\n<p>Sobre OLA<br \/>\n\u00d3pera Latinoam\u00e9rica (OLA) es una organizaci\u00f3n sin fines de lucro, creada en 2007 en Chile, que agrupa teatros de \u00f3pera iberoamericanos y cuya misi\u00f3n es difundir y promover el arte l\u00edrico en la regi\u00f3n. Integrada por instituciones de Argentina, Brasil, Chile, Colombia, Ecuador, Espa\u00f1a, M\u00e9xico, Per\u00fa y Uruguay, sus miembros se re\u00fanen cada a\u00f1o para trazar nuevos \u00e9nfasis y objetivos.<\/p>","protected":false},"excerpt":{"rendered":"<p>Ser\u00e1 el 25 de octubre y el Teatro del Bicentenario, como integrante de \u00d3pera Latinoam\u00e9rica, se sumar\u00e1 a la propuesta que invita a descubrir los procesos de la \u00f3pera, a trav\u00e9s del estreno de microdocumentales en plataformas digitales y redes sociales. El Teatro del Bicentenario,&#8230;<\/p>","protected":false},"author":4,"featured_media":24029,"comment_status":"closed","ping_status":"closed","sticky":false,"template":"","format":"standard","meta":{"h5ap_radio_sources":[],"footnotes":""},"categories":[99],"tags":[],"class_list":["post-24027","post","type-post","status-publish","format-standard","has-post-thumbnail","hentry","category-novedades"],"_links":{"self":[{"href":"https:\/\/www.teatrodelbicentenariosanjuan.org\/en\/wp-json\/wp\/v2\/posts\/24027","targetHints":{"allow":["GET"]}}],"collection":[{"href":"https:\/\/www.teatrodelbicentenariosanjuan.org\/en\/wp-json\/wp\/v2\/posts"}],"about":[{"href":"https:\/\/www.teatrodelbicentenariosanjuan.org\/en\/wp-json\/wp\/v2\/types\/post"}],"author":[{"embeddable":true,"href":"https:\/\/www.teatrodelbicentenariosanjuan.org\/en\/wp-json\/wp\/v2\/users\/4"}],"replies":[{"embeddable":true,"href":"https:\/\/www.teatrodelbicentenariosanjuan.org\/en\/wp-json\/wp\/v2\/comments?post=24027"}],"version-history":[{"count":1,"href":"https:\/\/www.teatrodelbicentenariosanjuan.org\/en\/wp-json\/wp\/v2\/posts\/24027\/revisions"}],"predecessor-version":[{"id":24030,"href":"https:\/\/www.teatrodelbicentenariosanjuan.org\/en\/wp-json\/wp\/v2\/posts\/24027\/revisions\/24030"}],"wp:featuredmedia":[{"embeddable":true,"href":"https:\/\/www.teatrodelbicentenariosanjuan.org\/en\/wp-json\/wp\/v2\/media\/24029"}],"wp:attachment":[{"href":"https:\/\/www.teatrodelbicentenariosanjuan.org\/en\/wp-json\/wp\/v2\/media?parent=24027"}],"wp:term":[{"taxonomy":"category","embeddable":true,"href":"https:\/\/www.teatrodelbicentenariosanjuan.org\/en\/wp-json\/wp\/v2\/categories?post=24027"},{"taxonomy":"post_tag","embeddable":true,"href":"https:\/\/www.teatrodelbicentenariosanjuan.org\/en\/wp-json\/wp\/v2\/tags?post=24027"}],"curies":[{"name":"wp","href":"https:\/\/api.w.org\/{rel}","templated":true}]}}