{"id":24113,"date":"2022-11-23T10:18:27","date_gmt":"2022-11-23T13:18:27","guid":{"rendered":"https:\/\/www.teatrodelbicentenariosanjuan.org\/?p=24113"},"modified":"2022-11-24T13:26:33","modified_gmt":"2022-11-24T16:26:33","slug":"el-teatro-del-bicentenario-presenta-la-imperdible-visita-especial-anima-animal","status":"publish","type":"post","link":"https:\/\/www.teatrodelbicentenariosanjuan.org\/en\/novedades\/el-teatro-del-bicentenario-presenta-la-imperdible-visita-especial-anima-animal\/","title":{"rendered":"El Teatro del Bicentenario presenta la imperdible visita especial \u201cAnima Animal\u201d"},"content":{"rendered":"<p>Ser\u00e1 una oportunidad \u00fanica de conocer el proceso creativo de la gran pieza de Herman Cornejo, que estrenar\u00e1 mundialmente desde San Juan el 2 de diciembre, el p\u00fablico podr\u00e1 participar de las visitas especiales de manera gratuita. Comienzan el 28 de noviembre.<\/p>\n<p>El Ministerio de Turismo y Cultura, a trav\u00e9s del Teatro del Bicentenario, invita a las Visitas especial \u201cAnima Animal\u201d, para poder conocer el proceso de creaci\u00f3n de la gran pieza de danza que lleva la firma del prestigioso Herman Cornejo, junto a Anabella Tuliano. <br \/>\nLas visitas ser\u00e1n ocho comenzando el lunes 28 de noviembre, martes 29, mi\u00e9rcoles 30 y jueves 1 de diciembre. Ser\u00e1n dos visitas cada uno de estos d\u00edas, a las 18.30 y a las 19.30. <br \/>\nLos participantes podr\u00e1n conocer los detalles de la obra, tomar contacto con los creadores de la m\u00fasica original, la compositora cl\u00e1sica Noelia Escalzo y UJI, compositor electroac\u00fastico; as\u00ed como ver alg\u00fan ensayo del Grupo Cadabra y bailarines sanjuaninos que se sumaron al espect\u00e1culo, o presenciar alguno de los ensayos de Herman Cornejo. Todo en funci\u00f3n de los diferentes planes de trabajo que tiene la producci\u00f3n de Anima Animal.<\/p>\n<p>Para participar, los interesados deber\u00e1n hacer la reserva gratuita <a href=\"https:\/\/tbsj.tuentrada.com\/selection\/timeslotpass?productId=10228765783687\">AQU\u00cd.<\/a><\/p>\n<p><\/p>","protected":false},"excerpt":{"rendered":"<p>Ser\u00e1 una oportunidad \u00fanica de conocer el proceso creativo de la gran pieza de Herman Cornejo, que estrenar\u00e1 mundialmente desde San Juan el 2 de diciembre, el p\u00fablico podr\u00e1 participar de las visitas especiales de manera gratuita. Comienzan el 28 de noviembre. El Ministerio de&#8230;<\/p>","protected":false},"author":4,"featured_media":24116,"comment_status":"closed","ping_status":"closed","sticky":false,"template":"","format":"standard","meta":{"h5ap_radio_sources":[],"footnotes":""},"categories":[99],"tags":[],"class_list":["post-24113","post","type-post","status-publish","format-standard","has-post-thumbnail","hentry","category-novedades"],"_links":{"self":[{"href":"https:\/\/www.teatrodelbicentenariosanjuan.org\/en\/wp-json\/wp\/v2\/posts\/24113","targetHints":{"allow":["GET"]}}],"collection":[{"href":"https:\/\/www.teatrodelbicentenariosanjuan.org\/en\/wp-json\/wp\/v2\/posts"}],"about":[{"href":"https:\/\/www.teatrodelbicentenariosanjuan.org\/en\/wp-json\/wp\/v2\/types\/post"}],"author":[{"embeddable":true,"href":"https:\/\/www.teatrodelbicentenariosanjuan.org\/en\/wp-json\/wp\/v2\/users\/4"}],"replies":[{"embeddable":true,"href":"https:\/\/www.teatrodelbicentenariosanjuan.org\/en\/wp-json\/wp\/v2\/comments?post=24113"}],"version-history":[{"count":3,"href":"https:\/\/www.teatrodelbicentenariosanjuan.org\/en\/wp-json\/wp\/v2\/posts\/24113\/revisions"}],"predecessor-version":[{"id":24126,"href":"https:\/\/www.teatrodelbicentenariosanjuan.org\/en\/wp-json\/wp\/v2\/posts\/24113\/revisions\/24126"}],"wp:featuredmedia":[{"embeddable":true,"href":"https:\/\/www.teatrodelbicentenariosanjuan.org\/en\/wp-json\/wp\/v2\/media\/24116"}],"wp:attachment":[{"href":"https:\/\/www.teatrodelbicentenariosanjuan.org\/en\/wp-json\/wp\/v2\/media?parent=24113"}],"wp:term":[{"taxonomy":"category","embeddable":true,"href":"https:\/\/www.teatrodelbicentenariosanjuan.org\/en\/wp-json\/wp\/v2\/categories?post=24113"},{"taxonomy":"post_tag","embeddable":true,"href":"https:\/\/www.teatrodelbicentenariosanjuan.org\/en\/wp-json\/wp\/v2\/tags?post=24113"}],"curies":[{"name":"wp","href":"https:\/\/api.w.org\/{rel}","templated":true}]}}