{"id":24221,"date":"2023-01-16T13:13:31","date_gmt":"2023-01-16T16:13:31","guid":{"rendered":"https:\/\/www.teatrodelbicentenariosanjuan.org\/?p=24221"},"modified":"2023-01-16T13:13:31","modified_gmt":"2023-01-16T16:13:31","slug":"vuelve-el-exitoso-ciclo-musica-en-los-jardines-del-tb","status":"publish","type":"post","link":"https:\/\/www.teatrodelbicentenariosanjuan.org\/en\/novedades\/vuelve-el-exitoso-ciclo-musica-en-los-jardines-del-tb\/","title":{"rendered":"Vuelve el exitoso ciclo \u201cM\u00fasica en los jardines del TB\u201d"},"content":{"rendered":"<p>Los jardines del TB se convierten en espacios participativos para todas las edades para disfrutar de peque\u00f1os conciertos acompa\u00f1ados por grandes proyecciones audiovisuales que fueron parte de las temporadas anteriores del polo cultural sanjuanino. Para agendar: 11,12, 18 y 19 de febrero, 21hs., gratis.<br \/>\nNuevamente la m\u00fasica saldr\u00e1 de las salas copando el espacio p\u00fablico. Por segundo a\u00f1o consecutivo se presentar\u00e1 \u201cM\u00fasica en los jardines del TB\u201d. Una propuesta exitosa con entrada libre y gratuita que apunta a ofrecer un encuentro al aire libre con destacados int\u00e9rpretes locales de distintos g\u00e9neros y estilos para todas las edades.<br \/>\nEn este marco, el s\u00e1bado 11 de febrero, se abrir\u00e1 el ciclo con la banda Sonenf\u00e1 y su \u00absalsa cuyana\u00bb; el domingo 12, protagonizar\u00e1n la noche dos potentes m\u00fasicas y compositoras: Eli Dom\u00ednguez y Martina Flores.<br \/>\nEl siguiente fin de semana largo de carnaval, el s\u00e1bado 18, llegar\u00e1 el m\u00e1s destacado jazz de la mano de Dixieland EM Jazz Band; y el domingo 19 cerrar\u00e1 el ciclo con un gran concierto la Camerata San Juan junto a Flor Carmona. <br \/>\nTodas las funciones ser\u00e1n a las 21hs. con entrada gratuita. El p\u00fablico podr\u00e1 intervenir los jardines del TB con sus reposeras o mantas.<br \/>\nTambi\u00e9n ser\u00e1 una oportunidad para revivir en pantalla gigante los audiovisuales generados en base a las actividades del TB y espect\u00e1culos destacados de la temporada anterior.<br \/>\n\u00abM\u00fasica en los jardines del TB\u00bb apunta a consolidarse como un cl\u00e1sico del verano d\u00f3nde encontrar diversos g\u00e9neros y estilos con sello local que buscar\u00e1n cautivar a los espectadores en las nochecitas sanjuaninas.<\/p>","protected":false},"excerpt":{"rendered":"<p>Los jardines del TB se convierten en espacios participativos para todas las edades para disfrutar de peque\u00f1os conciertos acompa\u00f1ados por grandes proyecciones audiovisuales que fueron parte de las temporadas anteriores del polo cultural sanjuanino. Para agendar: 11,12, 18 y 19 de febrero, 21hs., gratis. Nuevamente&#8230;<\/p>","protected":false},"author":4,"featured_media":24222,"comment_status":"closed","ping_status":"closed","sticky":false,"template":"","format":"standard","meta":{"h5ap_radio_sources":[],"footnotes":""},"categories":[99],"tags":[],"class_list":["post-24221","post","type-post","status-publish","format-standard","has-post-thumbnail","hentry","category-novedades"],"_links":{"self":[{"href":"https:\/\/www.teatrodelbicentenariosanjuan.org\/en\/wp-json\/wp\/v2\/posts\/24221","targetHints":{"allow":["GET"]}}],"collection":[{"href":"https:\/\/www.teatrodelbicentenariosanjuan.org\/en\/wp-json\/wp\/v2\/posts"}],"about":[{"href":"https:\/\/www.teatrodelbicentenariosanjuan.org\/en\/wp-json\/wp\/v2\/types\/post"}],"author":[{"embeddable":true,"href":"https:\/\/www.teatrodelbicentenariosanjuan.org\/en\/wp-json\/wp\/v2\/users\/4"}],"replies":[{"embeddable":true,"href":"https:\/\/www.teatrodelbicentenariosanjuan.org\/en\/wp-json\/wp\/v2\/comments?post=24221"}],"version-history":[{"count":1,"href":"https:\/\/www.teatrodelbicentenariosanjuan.org\/en\/wp-json\/wp\/v2\/posts\/24221\/revisions"}],"predecessor-version":[{"id":24223,"href":"https:\/\/www.teatrodelbicentenariosanjuan.org\/en\/wp-json\/wp\/v2\/posts\/24221\/revisions\/24223"}],"wp:featuredmedia":[{"embeddable":true,"href":"https:\/\/www.teatrodelbicentenariosanjuan.org\/en\/wp-json\/wp\/v2\/media\/24222"}],"wp:attachment":[{"href":"https:\/\/www.teatrodelbicentenariosanjuan.org\/en\/wp-json\/wp\/v2\/media?parent=24221"}],"wp:term":[{"taxonomy":"category","embeddable":true,"href":"https:\/\/www.teatrodelbicentenariosanjuan.org\/en\/wp-json\/wp\/v2\/categories?post=24221"},{"taxonomy":"post_tag","embeddable":true,"href":"https:\/\/www.teatrodelbicentenariosanjuan.org\/en\/wp-json\/wp\/v2\/tags?post=24221"}],"curies":[{"name":"wp","href":"https:\/\/api.w.org\/{rel}","templated":true}]}}