{"id":24281,"date":"2023-02-23T14:14:20","date_gmt":"2023-02-23T17:14:20","guid":{"rendered":"https:\/\/www.teatrodelbicentenariosanjuan.org\/?p=24281"},"modified":"2023-02-23T14:14:20","modified_gmt":"2023-02-23T17:14:20","slug":"el-teatro-del-bicentenario-y-la-fundacion-banco-san-juan-produciran-un-espectaculo-para-ninos","status":"publish","type":"post","link":"https:\/\/www.teatrodelbicentenariosanjuan.org\/en\/novedades\/el-teatro-del-bicentenario-y-la-fundacion-banco-san-juan-produciran-un-espectaculo-para-ninos\/","title":{"rendered":"El Teatro del Bicentenario y la Fundaci\u00f3n Banco San Juan producir\u00e1n un espect\u00e1culo para ni\u00f1os"},"content":{"rendered":"<p><em>La producci\u00f3n, que ser\u00e1 parte del programa \u201cCon la m\u00fasica a otra parte\u201d comenzar\u00e1 su desarrollo en los pr\u00f3ximos meses y estrenar\u00e1 en noviembre.<\/em><\/p>\n<p>El Ministerio de Turismo y Cultura, a trav\u00e9s del Teatro del Bicentenario, firm\u00f3 un acuerdo de cooperaci\u00f3n y asistencia art\u00edstica con la Fundaci\u00f3n Banco San Juan, para realizar en el marco del Programa \u201cCon la M\u00fasica a otra parte\u201d un espect\u00e1culo infantil en el mes de noviembre que tendr\u00e1 funciones gratuitas para alumnos de las escuelas sanjuaninas.<\/p>\n<p>\nEstuvieron presentes en la firma del convenio por parte de la Fundaci\u00f3n Banco San Juan, su vicepresidente, Dra. Hilda Callegaro, Laura Adamoli- Secretaria Ejecutiva y la coordinadora Andrea Diaz. En tanto que representando al Teatro del Bicentenario, estuvieron presentes la secretaria de Cultura, Virginia Agote; la directora General y Art\u00edstica, Silvana Moreno y la directora de Comunicaci\u00f3n, Andrea Herrera.<\/p>\n<p>\nDe este modo el TB y la Fundaci\u00f3n Banco San Juan renuevan su compromiso de crear lazos de colaboraci\u00f3n rec\u00edproca en los campos culturales y acad\u00e9micos en relaci\u00f3n a sus respectivas competencias y funciones institucionales, en el marco de las actividades culturales que el Ministerio de Turismo y Cultura y el TB pueden brindar a la comunidad a trav\u00e9s de sus Direcciones, Teatros, Museos y Centros Culturales, teniendo como objetivo lograr que estos espacios ofrezcan una oferta cultural variada que abarque las diferentes \u00e1reas de la cultura y destinada a todos los sectores de la sociedad.<\/p>\n<p>\nEl convenio viene a fortalecer la relaci\u00f3n entre ambas instituciones que coinciden la necesidad de sostener actividades que fortalezcan al continuo desarrollo, mantenimiento y crecimiento de la cultura de San Juan.<\/p>","protected":false},"excerpt":{"rendered":"<p>La producci\u00f3n, que ser\u00e1 parte del programa \u201cCon la m\u00fasica a otra parte\u201d comenzar\u00e1 su desarrollo en los pr\u00f3ximos meses y estrenar\u00e1 en noviembre. El Ministerio de Turismo y Cultura, a trav\u00e9s del Teatro del Bicentenario, firm\u00f3 un acuerdo de cooperaci\u00f3n y asistencia art\u00edstica con&#8230;<\/p>","protected":false},"author":4,"featured_media":24282,"comment_status":"closed","ping_status":"closed","sticky":false,"template":"","format":"standard","meta":{"h5ap_radio_sources":[],"footnotes":""},"categories":[99],"tags":[],"class_list":["post-24281","post","type-post","status-publish","format-standard","has-post-thumbnail","hentry","category-novedades"],"_links":{"self":[{"href":"https:\/\/www.teatrodelbicentenariosanjuan.org\/en\/wp-json\/wp\/v2\/posts\/24281","targetHints":{"allow":["GET"]}}],"collection":[{"href":"https:\/\/www.teatrodelbicentenariosanjuan.org\/en\/wp-json\/wp\/v2\/posts"}],"about":[{"href":"https:\/\/www.teatrodelbicentenariosanjuan.org\/en\/wp-json\/wp\/v2\/types\/post"}],"author":[{"embeddable":true,"href":"https:\/\/www.teatrodelbicentenariosanjuan.org\/en\/wp-json\/wp\/v2\/users\/4"}],"replies":[{"embeddable":true,"href":"https:\/\/www.teatrodelbicentenariosanjuan.org\/en\/wp-json\/wp\/v2\/comments?post=24281"}],"version-history":[{"count":1,"href":"https:\/\/www.teatrodelbicentenariosanjuan.org\/en\/wp-json\/wp\/v2\/posts\/24281\/revisions"}],"predecessor-version":[{"id":24283,"href":"https:\/\/www.teatrodelbicentenariosanjuan.org\/en\/wp-json\/wp\/v2\/posts\/24281\/revisions\/24283"}],"wp:featuredmedia":[{"embeddable":true,"href":"https:\/\/www.teatrodelbicentenariosanjuan.org\/en\/wp-json\/wp\/v2\/media\/24282"}],"wp:attachment":[{"href":"https:\/\/www.teatrodelbicentenariosanjuan.org\/en\/wp-json\/wp\/v2\/media?parent=24281"}],"wp:term":[{"taxonomy":"category","embeddable":true,"href":"https:\/\/www.teatrodelbicentenariosanjuan.org\/en\/wp-json\/wp\/v2\/categories?post=24281"},{"taxonomy":"post_tag","embeddable":true,"href":"https:\/\/www.teatrodelbicentenariosanjuan.org\/en\/wp-json\/wp\/v2\/tags?post=24281"}],"curies":[{"name":"wp","href":"https:\/\/api.w.org\/{rel}","templated":true}]}}