{"id":24287,"date":"2023-03-02T11:33:18","date_gmt":"2023-03-02T14:33:18","guid":{"rendered":"https:\/\/www.teatrodelbicentenariosanjuan.org\/?p=24287"},"modified":"2023-03-02T11:33:18","modified_gmt":"2023-03-02T14:33:18","slug":"la-musica-de-pink-floyd-llega-al-tb-junto-a-the-end","status":"publish","type":"post","link":"https:\/\/www.teatrodelbicentenariosanjuan.org\/en\/novedades\/la-musica-de-pink-floyd-llega-al-tb-junto-a-the-end\/","title":{"rendered":"La m\u00fasica de Pink Floyd llega al TB junto a The End"},"content":{"rendered":"<p><em>El destacado grupo porte\u00f1o actuar\u00e1 por primera vez en la Sala Principal del Teatro del Bicentenario el 23 de marzo. Entradas en venta.<\/em><\/p>\n<p>El Teatro del Bicentenario recibir\u00e1 el pr\u00f3ximo 23 de marzo a \u201cThe End \u2013 Pink Floyd Experience\u201d. Se trata de una potente banda argentina, con 30 a\u00f1os de experiencia en los escenarios, interpretando la m\u00fasica y montando los m\u00e1s desafiantes shows para homenajear a la ic\u00f3nica banda brit\u00e1nica. El complejo dependiente del Ministerio de Turismo y Cultura, albergar\u00e1 por primera vez al talentoso combo liderado por Gorgui Moffatt. Considerada como el mejor grupo en homenaje a Pink Floyd , \u201cThe End\u201d ha tenido el privilegio de tener como invitados en sus shows a algunos miembros originales Pink Floyd. Adem\u00e1s de McBroom, actuaron junto a ellos Guy Pratt y Jon Carin.<\/p>\n<p>\n\u201cThe End\u201d se presentar\u00e1 en San Juan con un espect\u00e1culo dedicado al m\u00edtico \u00e1lbum \u201cThe Dark Side of The Moon\u201d, que acaba de cumplir 50 a\u00f1os desde su lanzamiento.<\/p>\n<p>\nSe trata de un \u00e1lbum que fue aclamado de forma casi un\u00e1nime por la cr\u00edtica y es considerado un trabajo seminal en la historia del rock y toda la m\u00fasica moderna a partir de su publicaci\u00f3n, estableci\u00e9ndose desde entonces como un aut\u00e9ntico hito de la m\u00fasica y la cultura popular, tanto por sus innovaciones en la grabaci\u00f3n de estudio que han sido fuente de influencia para una gran cantidad de m\u00fasicos.<\/p>\n<p>\n\u201cThe End\u201d tambi\u00e9n sumar\u00e1 canciones de otros discos de Pink Floyd.<\/p>\n<p><strong>Entradas<\/strong><br \/>\nLa \u00fanica funci\u00f3n ser\u00e1 el jueves 23 de marzo, a las 22.00. Entradas: $3000, $4000, $4500, $5500, $6500, en venta en boleter\u00eda del TB de lunes a viernes de 9:30 a 14hs, de 16 a 20hs, y los s\u00e1bados de 10 a 13:30hs y online por Tuentrada.com en <a href=\"https:\/\/tbsj.tuentrada.com\/selection\/event\/date?productId=10228776407875\">este link<\/a><\/p>\n<p>&nbsp;<\/p>","protected":false},"excerpt":{"rendered":"<p>El destacado grupo porte\u00f1o actuar\u00e1 por primera vez en la Sala Principal del Teatro del Bicentenario el 23 de marzo. Entradas en venta. El Teatro del Bicentenario recibir\u00e1 el pr\u00f3ximo 23 de marzo a \u201cThe End \u2013 Pink Floyd Experience\u201d. Se trata de una potente&#8230;<\/p>","protected":false},"author":4,"featured_media":24288,"comment_status":"closed","ping_status":"closed","sticky":false,"template":"","format":"standard","meta":{"h5ap_radio_sources":[],"footnotes":""},"categories":[99],"tags":[],"class_list":["post-24287","post","type-post","status-publish","format-standard","has-post-thumbnail","hentry","category-novedades"],"_links":{"self":[{"href":"https:\/\/www.teatrodelbicentenariosanjuan.org\/en\/wp-json\/wp\/v2\/posts\/24287","targetHints":{"allow":["GET"]}}],"collection":[{"href":"https:\/\/www.teatrodelbicentenariosanjuan.org\/en\/wp-json\/wp\/v2\/posts"}],"about":[{"href":"https:\/\/www.teatrodelbicentenariosanjuan.org\/en\/wp-json\/wp\/v2\/types\/post"}],"author":[{"embeddable":true,"href":"https:\/\/www.teatrodelbicentenariosanjuan.org\/en\/wp-json\/wp\/v2\/users\/4"}],"replies":[{"embeddable":true,"href":"https:\/\/www.teatrodelbicentenariosanjuan.org\/en\/wp-json\/wp\/v2\/comments?post=24287"}],"version-history":[{"count":2,"href":"https:\/\/www.teatrodelbicentenariosanjuan.org\/en\/wp-json\/wp\/v2\/posts\/24287\/revisions"}],"predecessor-version":[{"id":24290,"href":"https:\/\/www.teatrodelbicentenariosanjuan.org\/en\/wp-json\/wp\/v2\/posts\/24287\/revisions\/24290"}],"wp:featuredmedia":[{"embeddable":true,"href":"https:\/\/www.teatrodelbicentenariosanjuan.org\/en\/wp-json\/wp\/v2\/media\/24288"}],"wp:attachment":[{"href":"https:\/\/www.teatrodelbicentenariosanjuan.org\/en\/wp-json\/wp\/v2\/media?parent=24287"}],"wp:term":[{"taxonomy":"category","embeddable":true,"href":"https:\/\/www.teatrodelbicentenariosanjuan.org\/en\/wp-json\/wp\/v2\/categories?post=24287"},{"taxonomy":"post_tag","embeddable":true,"href":"https:\/\/www.teatrodelbicentenariosanjuan.org\/en\/wp-json\/wp\/v2\/tags?post=24287"}],"curies":[{"name":"wp","href":"https:\/\/api.w.org\/{rel}","templated":true}]}}