{"id":24291,"date":"2023-03-03T12:55:02","date_gmt":"2023-03-03T15:55:02","guid":{"rendered":"https:\/\/www.teatrodelbicentenariosanjuan.org\/?p=24291"},"modified":"2023-03-03T12:55:02","modified_gmt":"2023-03-03T15:55:02","slug":"homenaje-a-la-obra-de-carlos-guastavino-en-sala-auditorium","status":"publish","type":"post","link":"https:\/\/www.teatrodelbicentenariosanjuan.org\/en\/novedades\/homenaje-a-la-obra-de-carlos-guastavino-en-sala-auditorium\/","title":{"rendered":"Homenaje a la obra de Carlos Guastavino en Sala Audit\u00f3rium"},"content":{"rendered":"<p><em>En la apertura de Temporada 2023, el 18 de marzo la sala recibe un espect\u00e1culo de gran calidad que fusiona m\u00fasica, poes\u00eda, danza y proyecciones para interpretar una obra del compositor santafecino.<\/em><\/p>\n<p>\nEl Teatro del Bicentenario presenta el inicio de una variada y din\u00e1mica \u00abTemporada 2023\u00bb de Sala Audit\u00f3rium. El espacio del TB, complejo dependiente del Ministerio de Turismo y Cultura, comienza su actividad con \u00abM\u00fasica de Camara: Carlos Guastavino. Ocho canciones para canto y guitarra\u00bb, una propuesta multidisciplinaria que es la primera parte del proyecto, que continuar\u00e1 con otras dos presentaciones en el a\u00f1o.<br \/>\nPara esta funci\u00f3n dedicada al gran exponente de la m\u00fasica argentina, la propuesta propone la interacci\u00f3n entre: voz, guitarra, danza, poes\u00eda y proyecciones.<\/p>\n<p>Este puntapi\u00e9 de la Temporada 2023 tiene la actuaci\u00f3n de la contralto chilena Claudia Lepe, artista reconocida por sus numerosos trabajos en \u00f3peras realizadas en el TB, quien junto al guitarrista Mart\u00edn Vald\u00e9z interpretar\u00e1n esta famosa pieza \u201cOcho canciones para canto y guitarra\u201d del repertorio de Guastavino. Las piezas han sido adaptadas a una tonalidad que permita lucir el registro grave de la voz de contralto y el uso de una guitarra de 10 cuerdas, instrumento que ofrece enormes posibilidades de sonido y colores.<\/p>\n<p>Esta presentaci\u00f3n contar\u00e1 con el valioso aporte de las proyecciones del artista visual Jorge Moreno y la danza llegar\u00e1 a escena para conmover a\u00fan m\u00e1s al p\u00fablico con la destacada pareja de baile integrada por Marian Abraham y Gerardo Lecich. La producci\u00f3n propondr\u00e1 a la platea sumarse leyendo textos de la poetisa chilena Karin Friedli, y tener la experiencia de recitar.<\/p>\n<p>\u00danica funci\u00f3n:<br \/>\nS\u00e1bado 18 de marzo a las 21.30<br \/>\nEntradas: $1000 por Boleter\u00eda del TB de lunes a viernes de 9 30 a 14hs, de 16 a 20hs y los s\u00e1bados de 10 a 13 30hs, o a trav\u00e9s de <a href=\"https:\/\/tbsj.tuentrada.com\/list\/events\/\">este link.<\/a><\/p>","protected":false},"excerpt":{"rendered":"<p>En la apertura de Temporada 2023, el 18 de marzo la sala recibe un espect\u00e1culo de gran calidad que fusiona m\u00fasica, poes\u00eda, danza y proyecciones para interpretar una obra del compositor santafecino. El Teatro del Bicentenario presenta el inicio de una variada y din\u00e1mica \u00abTemporada&#8230;<\/p>","protected":false},"author":4,"featured_media":24292,"comment_status":"closed","ping_status":"closed","sticky":false,"template":"","format":"standard","meta":{"h5ap_radio_sources":[],"footnotes":""},"categories":[99],"tags":[],"class_list":["post-24291","post","type-post","status-publish","format-standard","has-post-thumbnail","hentry","category-novedades"],"_links":{"self":[{"href":"https:\/\/www.teatrodelbicentenariosanjuan.org\/en\/wp-json\/wp\/v2\/posts\/24291","targetHints":{"allow":["GET"]}}],"collection":[{"href":"https:\/\/www.teatrodelbicentenariosanjuan.org\/en\/wp-json\/wp\/v2\/posts"}],"about":[{"href":"https:\/\/www.teatrodelbicentenariosanjuan.org\/en\/wp-json\/wp\/v2\/types\/post"}],"author":[{"embeddable":true,"href":"https:\/\/www.teatrodelbicentenariosanjuan.org\/en\/wp-json\/wp\/v2\/users\/4"}],"replies":[{"embeddable":true,"href":"https:\/\/www.teatrodelbicentenariosanjuan.org\/en\/wp-json\/wp\/v2\/comments?post=24291"}],"version-history":[{"count":2,"href":"https:\/\/www.teatrodelbicentenariosanjuan.org\/en\/wp-json\/wp\/v2\/posts\/24291\/revisions"}],"predecessor-version":[{"id":24294,"href":"https:\/\/www.teatrodelbicentenariosanjuan.org\/en\/wp-json\/wp\/v2\/posts\/24291\/revisions\/24294"}],"wp:featuredmedia":[{"embeddable":true,"href":"https:\/\/www.teatrodelbicentenariosanjuan.org\/en\/wp-json\/wp\/v2\/media\/24292"}],"wp:attachment":[{"href":"https:\/\/www.teatrodelbicentenariosanjuan.org\/en\/wp-json\/wp\/v2\/media?parent=24291"}],"wp:term":[{"taxonomy":"category","embeddable":true,"href":"https:\/\/www.teatrodelbicentenariosanjuan.org\/en\/wp-json\/wp\/v2\/categories?post=24291"},{"taxonomy":"post_tag","embeddable":true,"href":"https:\/\/www.teatrodelbicentenariosanjuan.org\/en\/wp-json\/wp\/v2\/tags?post=24291"}],"curies":[{"name":"wp","href":"https:\/\/api.w.org\/{rel}","templated":true}]}}