{"id":24336,"date":"2023-03-17T11:18:22","date_gmt":"2023-03-17T14:18:22","guid":{"rendered":"https:\/\/www.teatrodelbicentenariosanjuan.org\/?p=24336"},"modified":"2023-03-17T12:34:04","modified_gmt":"2023-03-17T15:34:04","slug":"limbo-tecnorock-presenta-su-nuevo-disco-en-sala-auditorium","status":"publish","type":"post","link":"https:\/\/www.teatrodelbicentenariosanjuan.org\/en\/novedades\/limbo-tecnorock-presenta-su-nuevo-disco-en-sala-auditorium\/","title":{"rendered":"Limbo Tecnorock presenta su nuevo disco en Sala Audit\u00f3rium"},"content":{"rendered":"<p>La banda formada por Fabi\u00e1n Noriega y Juan Manuel Vizca\u00edno subir\u00e1 a escena el 31 de marzo. Entradas en venta.<\/p>\n<p>Limbo TecnoRock comienza el a\u00f1o mostrando su nuevo trabajo discogr\u00e1fico en Sala Audit\u00f3rium del Teatro del Bicentenario el pr\u00f3ximo 31 de marzo. El d\u00fao integrado por Fabi\u00e1n Noriega y Juan Manuel Vizca\u00edno eligi\u00f3 la Sala del complejo dependiente del Ministerio de Turismo y Cultura provincial para interpretar \u201cEclec7ic\u201d. <br \/>\nPara la presentaci\u00f3n en vivo estar\u00e1n acompa\u00f1ando a Limbo: Mart\u00edn Guzm\u00e1n en arm\u00f3nicas, Nico Diapol en guitarras y Mariana Viera Campbell en voz.<\/p>\n<p>\u201cEclec7ic\u201d cont\u00f3 con la participaci\u00f3n de reconocidos artistas locales y nacionales como Oliflip Guitarras de la banda mexicana Kill the T.V. Pablo Anfuso en saxo, Pablo Albornoz (D\u00b4Mole) en viol\u00edn, Emiliano Sanchez (Via 66) en guitarras y Mariana Viera Campbell en coros. El nuevo disco est\u00e1 mezclado y masterizado por el premiado ingeniero de sonido Lucas Gomez (Eruca Sativa, Marlilina Bertoldi, Roxana Carbajal entre otros), adem\u00e1s ha colaborado en mastering el venezolano Jorge Ostos. La portada del \u00e1lbum es de Gustavo Idemi, (trabajo que realiz\u00f3 basado en la fotograf\u00eda de Mariana Viera Campbell), quien ha trabajado en anteriores portadas de Limbo.<\/p>\n<p>Funci\u00f3n: 31 de marzo, 21.30 hs.<br \/>\nEntrada: $1000 en venta en boleter\u00eda del TB de lunes a viernes de 9:30 a 14hs, de 16 a 20hs, y los s\u00e1bados de 10 a 13:30hs y online por Tuentrada.com en este link <a href=\"http:\/\/La banda formada por Fabi\u00e1n Noriega y Juan Manuel Vizca\u00edno subir\u00e1 a escena el 31 de marzo. Entradas en venta.   Limbo TecnoRock comienza el a\u00f1o mostrando su nuevo trabajo discogr\u00e1fico en Sala Audit\u00f3rium del Teatro del Bicentenario el pr\u00f3ximo 31 de marzo. El d\u00fao integrado por Fabi\u00e1n Noriega y Juan Manuel Vizca\u00edno eligi\u00f3 la Sala del complejo dependiente del Ministerio de Turismo y Cultura provincial para interpretar \u201cEclec7ic\u201d.  Para la presentaci\u00f3n en vivo estar\u00e1n acompa\u00f1ando a Limbo: Mart\u00edn Guzm\u00e1n en arm\u00f3nicas, Nico Diapol en guitarras y Mariana Viera Campbell en voz.   \u201cEclec7ic\u201d cont\u00f3 con la participaci\u00f3n de reconocidos artistas locales y nacionales como Oliflip Guitarras de la banda mexicana Kill the T.V. Pablo Anfuso en saxo, Pablo Albornoz (D\u00b4Mole) en viol\u00edn, Emiliano Sanchez (Via 66) en guitarras y Mariana Viera Campbell en coros. El nuevo disco est\u00e1 mezclado y masterizado por el premiado ingeniero de sonido Lucas Gomez (Eruca Sativa, Marlilina Bertoldi, Roxana Carbajal entre otros), adem\u00e1s ha colaborado en mastering el venezolano Jorge Ostos. La portada del \u00e1lbum es de Gustavo Idemi, (trabajo que realiz\u00f3 basado en la fotograf\u00eda de Mariana Viera Campbell), quien ha trabajado en anteriores portadas de Limbo.   Funci\u00f3n: 31 de marzo, 21.30 hs. Entrada: $1000 en venta en boleter\u00eda del TB de lunes a viernes de 9:30 a 14hs, de 16 a 20hs, y los s\u00e1bados de 10 a 13:30hs y online por Tuentrada.com en este link  (https:\/\/tbsj.tuentrada.com\/selection\/event\/date?productId=10228782472697)\">(https:\/\/tbsj.tuentrada.com\/selection\/event\/date?productId=10228782472697)<\/a><\/p>\n<p>&nbsp;<\/p>\n<p>&nbsp;<\/p>","protected":false},"excerpt":{"rendered":"<p>La banda formada por Fabi\u00e1n Noriega y Juan Manuel Vizca\u00edno subir\u00e1 a escena el 31 de marzo. Entradas en venta. Limbo TecnoRock comienza el a\u00f1o mostrando su nuevo trabajo discogr\u00e1fico en Sala Audit\u00f3rium del Teatro del Bicentenario el pr\u00f3ximo 31 de marzo. El d\u00fao integrado&#8230;<\/p>","protected":false},"author":4,"featured_media":24337,"comment_status":"closed","ping_status":"closed","sticky":false,"template":"","format":"standard","meta":{"h5ap_radio_sources":[],"footnotes":""},"categories":[99],"tags":[],"class_list":["post-24336","post","type-post","status-publish","format-standard","has-post-thumbnail","hentry","category-novedades"],"_links":{"self":[{"href":"https:\/\/www.teatrodelbicentenariosanjuan.org\/en\/wp-json\/wp\/v2\/posts\/24336","targetHints":{"allow":["GET"]}}],"collection":[{"href":"https:\/\/www.teatrodelbicentenariosanjuan.org\/en\/wp-json\/wp\/v2\/posts"}],"about":[{"href":"https:\/\/www.teatrodelbicentenariosanjuan.org\/en\/wp-json\/wp\/v2\/types\/post"}],"author":[{"embeddable":true,"href":"https:\/\/www.teatrodelbicentenariosanjuan.org\/en\/wp-json\/wp\/v2\/users\/4"}],"replies":[{"embeddable":true,"href":"https:\/\/www.teatrodelbicentenariosanjuan.org\/en\/wp-json\/wp\/v2\/comments?post=24336"}],"version-history":[{"count":2,"href":"https:\/\/www.teatrodelbicentenariosanjuan.org\/en\/wp-json\/wp\/v2\/posts\/24336\/revisions"}],"predecessor-version":[{"id":24339,"href":"https:\/\/www.teatrodelbicentenariosanjuan.org\/en\/wp-json\/wp\/v2\/posts\/24336\/revisions\/24339"}],"wp:featuredmedia":[{"embeddable":true,"href":"https:\/\/www.teatrodelbicentenariosanjuan.org\/en\/wp-json\/wp\/v2\/media\/24337"}],"wp:attachment":[{"href":"https:\/\/www.teatrodelbicentenariosanjuan.org\/en\/wp-json\/wp\/v2\/media?parent=24336"}],"wp:term":[{"taxonomy":"category","embeddable":true,"href":"https:\/\/www.teatrodelbicentenariosanjuan.org\/en\/wp-json\/wp\/v2\/categories?post=24336"},{"taxonomy":"post_tag","embeddable":true,"href":"https:\/\/www.teatrodelbicentenariosanjuan.org\/en\/wp-json\/wp\/v2\/tags?post=24336"}],"curies":[{"name":"wp","href":"https:\/\/api.w.org\/{rel}","templated":true}]}}