{"id":24456,"date":"2023-04-10T09:37:46","date_gmt":"2023-04-10T12:37:46","guid":{"rendered":"https:\/\/www.teatrodelbicentenariosanjuan.org\/?p=24456"},"modified":"2023-04-10T09:47:13","modified_gmt":"2023-04-10T12:47:13","slug":"cientos-de-sanjuaninos-y-turistas-quedaron-maravillados-en-la-visita-especial-al-foso-de-orquesta","status":"publish","type":"post","link":"https:\/\/www.teatrodelbicentenariosanjuan.org\/en\/novedades\/cientos-de-sanjuaninos-y-turistas-quedaron-maravillados-en-la-visita-especial-al-foso-de-orquesta\/","title":{"rendered":"Cientos de sanjuaninos y turistas quedaron maravillados en la Visita Especial al Foso de Orquesta"},"content":{"rendered":"<div dir=\"auto\"><i>La visita especial deslumbr\u00f3 a los visitantes en una oportunidad imperdible para conocer la magia del Foso de Orquesta del TB. Contin\u00faa viernes y s\u00e1bado, con reserva gratuita.\u00a0<\/i><\/div>\n<div dir=\"auto\"><i>\u00a0<\/i><\/div>\n<div dir=\"auto\">Cientos de sanjuaninos y turistas disfrutaron este jueves de la primera jornada de la Visita Especial de Semana Santa \u201cLa magia del foso de orquesta Bayreuth\u201d, realizada en el coloso dependiente del Ministerio de Turismo y Cultura.\u00a0<\/div>\n<div dir=\"auto\">\u00a0<\/div>\n<div dir=\"auto\">Se trata de una visita dise\u00f1ada especialmente para que los visitantes conozcan detalles de la construcci\u00f3n y caracter\u00edsticas ac\u00fasticas del Foso de Orquesta de la Sala Principal del Teatro del Bicentenario, un espacio fundamental para la creaci\u00f3n de ambientes sobre el escenario.<\/div>\n<div dir=\"auto\">\u00a0<\/div>\n<div dir=\"auto\">Los participantes comenzaron la visita en el Hall Principal donde conocieron aspectos generales del dise\u00f1o y la arquitectura del TB, luego pasaron al Foyer, para interiorizarse en la vida y obra de Richard Wagner, el compositor que cre\u00f3 el Foso en que se inspir\u00f3 el del TB, y finalizaron la visita en Sala Principal frente al Foso. All\u00ed, disfrutaron de una experiencia art\u00edstica \u00fanica, donde pudieron apreciar las particularidades sonoras que ofrece esta arquitectura, con una conmovedora actuaci\u00f3n en vivo por parte de m\u00fasicos del Ensamble Barroco, que interpretaron el Stabat Mater, un poema religioso que ha sido musicalizado por muchos compositores, entre ellos Antonio Vivaldi.<\/div>\n<div dir=\"auto\">\u00a0<\/div>\n<div dir=\"auto\">Debido al fin de semana tur\u00edstico, muchos visitantes llegaron de distintas ciudades del pa\u00eds a conocer el TB en esta visita especial. \u201cMe qued\u00e9 maravillado con lo que ofrece el teatro, me encant\u00f3 conocer este rinc\u00f3n tan especial en San Juan\u201d, dijo uno de los visitantes, proveniente de la Ciudad de C\u00f3rdoba. \u201cMuy interesante la propuesta, no conoc\u00eda lo que puede generar este tipo de foso en el escenario y eso me pareci\u00f3 genial\u201d, expres\u00f3 una turista de Santa Fe.<\/div>\n<div dir=\"auto\">\u00a0<\/div>\n<div dir=\"auto\">\u00a0<\/div>","protected":false},"excerpt":{"rendered":"<p>La visita especial deslumbr\u00f3 a los visitantes en una oportunidad imperdible para conocer la magia del Foso de Orquesta del TB. Contin\u00faa viernes y s\u00e1bado, con reserva gratuita.\u00a0 \u00a0 Cientos de sanjuaninos y turistas disfrutaron este jueves de la primera jornada de la Visita Especial&#8230;<\/p>","protected":false},"author":4,"featured_media":24457,"comment_status":"closed","ping_status":"closed","sticky":false,"template":"","format":"standard","meta":{"h5ap_radio_sources":[],"footnotes":""},"categories":[99],"tags":[],"class_list":["post-24456","post","type-post","status-publish","format-standard","has-post-thumbnail","hentry","category-novedades"],"_links":{"self":[{"href":"https:\/\/www.teatrodelbicentenariosanjuan.org\/en\/wp-json\/wp\/v2\/posts\/24456","targetHints":{"allow":["GET"]}}],"collection":[{"href":"https:\/\/www.teatrodelbicentenariosanjuan.org\/en\/wp-json\/wp\/v2\/posts"}],"about":[{"href":"https:\/\/www.teatrodelbicentenariosanjuan.org\/en\/wp-json\/wp\/v2\/types\/post"}],"author":[{"embeddable":true,"href":"https:\/\/www.teatrodelbicentenariosanjuan.org\/en\/wp-json\/wp\/v2\/users\/4"}],"replies":[{"embeddable":true,"href":"https:\/\/www.teatrodelbicentenariosanjuan.org\/en\/wp-json\/wp\/v2\/comments?post=24456"}],"version-history":[{"count":2,"href":"https:\/\/www.teatrodelbicentenariosanjuan.org\/en\/wp-json\/wp\/v2\/posts\/24456\/revisions"}],"predecessor-version":[{"id":24459,"href":"https:\/\/www.teatrodelbicentenariosanjuan.org\/en\/wp-json\/wp\/v2\/posts\/24456\/revisions\/24459"}],"wp:featuredmedia":[{"embeddable":true,"href":"https:\/\/www.teatrodelbicentenariosanjuan.org\/en\/wp-json\/wp\/v2\/media\/24457"}],"wp:attachment":[{"href":"https:\/\/www.teatrodelbicentenariosanjuan.org\/en\/wp-json\/wp\/v2\/media?parent=24456"}],"wp:term":[{"taxonomy":"category","embeddable":true,"href":"https:\/\/www.teatrodelbicentenariosanjuan.org\/en\/wp-json\/wp\/v2\/categories?post=24456"},{"taxonomy":"post_tag","embeddable":true,"href":"https:\/\/www.teatrodelbicentenariosanjuan.org\/en\/wp-json\/wp\/v2\/tags?post=24456"}],"curies":[{"name":"wp","href":"https:\/\/api.w.org\/{rel}","templated":true}]}}