{"id":24548,"date":"2023-04-21T14:06:24","date_gmt":"2023-04-21T17:06:24","guid":{"rendered":"https:\/\/www.teatrodelbicentenariosanjuan.org\/?p=24548"},"modified":"2023-04-21T14:06:24","modified_gmt":"2023-04-21T17:06:24","slug":"andre-espindola-trae-lo-mejor-de-la-musica-brasilena-al-tb","status":"publish","type":"post","link":"https:\/\/www.teatrodelbicentenariosanjuan.org\/en\/novedades\/andre-espindola-trae-lo-mejor-de-la-musica-brasilena-al-tb\/","title":{"rendered":"ANDR\u00c9 ESPINDOLA TRAE LO MEJOR DE LA M\u00daSICA BRASILE\u00d1A AL TB"},"content":{"rendered":"<p><em>El concierto de guitarra tendr\u00e1 su funci\u00f3n el pr\u00f3ximo jueves 11 de mayo, a las 21 30hs, en la Sala Audit\u00f3rium del TB. Entradas a la venta. <\/em><\/p>\n<p>&nbsp;<\/p>\n<p>El Ministerio de Turismo y Cultura, a trav\u00e9s del Teatro del Bicentenario, presenta \u201cConcierto de M\u00fasica Brasile\u00f1a para Guitarra\u201d con la interpretaci\u00f3n de Andr\u00e9 Espindola. El m\u00fasico oriundo de Brasil sube a escena en la Sala Audit\u00f3rium para brindar un c\u00e1lido espect\u00e1culo tradicional.<\/p>\n<p>El p\u00fablico podr\u00e1 disfrutar de un amplio repertorio que abarca desde los estilos populares del <em>Choro <\/em>(la primera m\u00fasica popular t\u00edpica de Brasil) y la <em>Seresta <\/em>hasta piezas de conciertos y <em>Suites<\/em>. Entre los compositores populares interpretados se encuentran Armando Neves (Armandinho), Anibal Augusto Sardinhal (Garoto), Joao Pernambuco, Dilermando Reis. El programa de 60 minutos de duraci\u00f3n tambi\u00e9n cuenta con obras de los acad\u00e9micos Isa\u00edas Savio y Francisco Mignone. Cada interpretaci\u00f3n ir\u00e1 acompa\u00f1ada por una breve contextualizaci\u00f3n por Espindola.\u00a0<\/p>\n<p>&nbsp;<\/p>\n<p>El Concierto de M\u00fasica Brasile\u00f1a para Guitarra subir\u00e1 a escena el pr\u00f3ximo jueves 11 de mayo, a las 21 30hs. La entrada general de $1200 podr\u00e1 adquirirse por Boleter\u00eda con beneficios exclusivos, de lunes a viernes de 9 30 a 14hs, de 16 a 20hs y los s\u00e1bados de 10 a 13 30hs. Tambi\u00e9n podr\u00e1 adquirirse a trav\u00e9s de TuEntrada.com: <a href=\"https:\/\/tbsj.tuentrada.com\/selection\/event\/date?productId=10228788481784\" data-saferedirecturl=\"https:\/\/www.google.com\/url?q=https:\/\/tbsj.tuentrada.com\/selection\/event\/date?productId%3D10228788481784&amp;source=gmail&amp;ust=1682183084809000&amp;usg=AOvVaw1N2mQM6_QrR6m7r_CISCHJ\">https:\/\/tbsj.tuentrada.com\/selection\/event\/date?productId=10228788481784<\/a><\/p>\n<p>&nbsp;<\/p>\n<p><strong>Sobre Andr\u00e9 Espindola<\/strong><\/p>\n<p>\u00a0<em>\u201c\u2026 Espindola presenta su trabajo con pasi\u00f3n y precisi\u00f3n<\/em>\u2026\u201d Jim Bosse (Colorado Springs Guitar Society Newsletter).<\/p>\n<p>\u00a0Premiado en los concursos Campo Grande M\u00fasica de Concierto y Vicente Costanza, Andr\u00e9 Espindola ha desarrollado numerosos trabajos como concertista, profesor y compositor. Responsable por varios proyectos art\u00edsticos y pedag\u00f3gicos en Corumb\u00e1 MS, ha formado a destacados alumnos. Naci\u00f3 en Campo Grande MS Brasil, iniciando sus estudios de guitarra y teor\u00eda musical a los 14 a\u00f1os con Antonio Teixeira y Roberto Teixeira. Continuando sus estudios como autodidacta, particip\u00f3 de varios cursos de t\u00e9cnica e interpretaci\u00f3n guitarr\u00edstica con m\u00fasicos renombrados como Mario Silva, Mar\u00eda Haro, Douglas Lora, Henrique Pinto, Paulo Marteli, Eduardo Martineli, Fabio Zanon, V\u00edctor Villadangos, Eduardo Isaac, Carlos P\u00e9rez y Carlos Mart\u00ednez. Particip\u00f3 como becado de los XV y XI Seminario de Guitarra Sousa en Lima (SP), posteriormente tuvo clases particulares con Rafael Salgado y Marcelo Fernandes (UFMS) y Henrique Pinto, el mayor didacta de la guitarra en Brasil. Radicado en Argentina desde 2012 en donde estudi\u00f3 con Juan Jos\u00e9 Olgu\u00edn en la Universidad Nacional de San Juan (UNSJ). Jefe de la c\u00e1tedra de Guitarra del Instituto Superior Santa Cecilia. Invitado regular de festivales como \u201cFestival de Guitarra Sudamericana y Contempor\u00e1nea de San Juan\u201d, \u201cFestival Internacional de M\u00fasica Contempor\u00e1nea Ruid al Sud\u201d, o los festivales brasile\u00f1os \u201cEncontro com a M\u00fasica Cl\u00e1ssica\u201d, y \u201cFestival Am\u00e9rica do Sul\u201d entre otros, actuando como solista y camerista.<\/p>\n<p>&nbsp;<\/p>\n<p><strong>DISFRUT\u00c1 LOS BENEFICIOS EXCLUSIVOS EN BOLETER\u00cdA DEL TB<\/strong><\/p>\n<p>&#8211;\u00a0\u00a0\u00a0\u00a0\u00a0\u00a0\u00a0\u00a0\u00a0 <strong>TICKET YA:<\/strong> 20% de descuento en todas las funciones y ubicaci\u00f3n a elecci\u00f3n hasta 72hs ANTES del evento (hasta 2 tickets por persona).<\/p>\n<p>&nbsp;<\/p>\n<p>&#8211;\u00a0\u00a0\u00a0\u00a0\u00a0\u00a0\u00a0\u00a0\u00a0 <strong>Ticket Joven: <\/strong>50% de descuento para j\u00f3venes de hasta 24 a\u00f1os inclusive presentando DNI; en todas las funciones, ubicaci\u00f3n a elecci\u00f3n.<\/p>\n<p>&nbsp;<\/p>\n<p>&#8211;\u00a0\u00a0\u00a0\u00a0\u00a0\u00a0\u00a0\u00a0\u00a0 <strong>Ticket JUBILADOS: <\/strong>20% de descuento a jubilados presentando DNI \u2013 recibo de haberes y\/o carnet PAMI (hasta 2 tickets por persona).<\/p>\n<p><em>Descuentos v\u00e1lidos solo en Boleter\u00eda del TB, de lunes a viernes de 9 30 a 14hs, de 16 a 20hs y s\u00e1bados de 10 a 13 30hs, o el d\u00eda de la funci\u00f3n desde 1 hora antes de la misma.\u00a0<\/em><\/p>","protected":false},"excerpt":{"rendered":"<p>El concierto de guitarra tendr\u00e1 su funci\u00f3n el pr\u00f3ximo jueves 11 de mayo, a las 21 30hs, en la Sala Audit\u00f3rium del TB. Entradas a la venta. &nbsp; El Ministerio de Turismo y Cultura, a trav\u00e9s del Teatro del Bicentenario, presenta \u201cConcierto de M\u00fasica Brasile\u00f1a&#8230;<\/p>","protected":false},"author":4,"featured_media":24549,"comment_status":"closed","ping_status":"closed","sticky":false,"template":"","format":"standard","meta":{"h5ap_radio_sources":[],"footnotes":""},"categories":[99],"tags":[],"class_list":["post-24548","post","type-post","status-publish","format-standard","has-post-thumbnail","hentry","category-novedades"],"_links":{"self":[{"href":"https:\/\/www.teatrodelbicentenariosanjuan.org\/en\/wp-json\/wp\/v2\/posts\/24548","targetHints":{"allow":["GET"]}}],"collection":[{"href":"https:\/\/www.teatrodelbicentenariosanjuan.org\/en\/wp-json\/wp\/v2\/posts"}],"about":[{"href":"https:\/\/www.teatrodelbicentenariosanjuan.org\/en\/wp-json\/wp\/v2\/types\/post"}],"author":[{"embeddable":true,"href":"https:\/\/www.teatrodelbicentenariosanjuan.org\/en\/wp-json\/wp\/v2\/users\/4"}],"replies":[{"embeddable":true,"href":"https:\/\/www.teatrodelbicentenariosanjuan.org\/en\/wp-json\/wp\/v2\/comments?post=24548"}],"version-history":[{"count":1,"href":"https:\/\/www.teatrodelbicentenariosanjuan.org\/en\/wp-json\/wp\/v2\/posts\/24548\/revisions"}],"predecessor-version":[{"id":24550,"href":"https:\/\/www.teatrodelbicentenariosanjuan.org\/en\/wp-json\/wp\/v2\/posts\/24548\/revisions\/24550"}],"wp:featuredmedia":[{"embeddable":true,"href":"https:\/\/www.teatrodelbicentenariosanjuan.org\/en\/wp-json\/wp\/v2\/media\/24549"}],"wp:attachment":[{"href":"https:\/\/www.teatrodelbicentenariosanjuan.org\/en\/wp-json\/wp\/v2\/media?parent=24548"}],"wp:term":[{"taxonomy":"category","embeddable":true,"href":"https:\/\/www.teatrodelbicentenariosanjuan.org\/en\/wp-json\/wp\/v2\/categories?post=24548"},{"taxonomy":"post_tag","embeddable":true,"href":"https:\/\/www.teatrodelbicentenariosanjuan.org\/en\/wp-json\/wp\/v2\/tags?post=24548"}],"curies":[{"name":"wp","href":"https:\/\/api.w.org\/{rel}","templated":true}]}}