{"id":24667,"date":"2023-05-22T12:55:52","date_gmt":"2023-05-22T15:55:52","guid":{"rendered":"https:\/\/www.teatrodelbicentenariosanjuan.org\/?p=24667"},"modified":"2023-05-22T12:55:52","modified_gmt":"2023-05-22T15:55:52","slug":"una-gala-patria-para-todos-el-himno-nacional-argentino-en-lengua-de-senas","status":"publish","type":"post","link":"https:\/\/www.teatrodelbicentenariosanjuan.org\/en\/novedades\/una-gala-patria-para-todos-el-himno-nacional-argentino-en-lengua-de-senas\/","title":{"rendered":"UNA GALA PATRIA PARA TODOS: EL HIMNO NACIONAL ARGENTINO EN LENGUA DE SE\u00d1AS"},"content":{"rendered":"<p style=\"font-weight: 400;\"><em>Por primera vez, en la tradicional Gala Patria del Gobierno de San Juan en el Teatro del Bicentenario, el Himno Nacional ser\u00e1 accesible para todos los p\u00fablicos con la interpretaci\u00f3n de un coro de lengua de se\u00f1as.<\/em><\/p>\n<p style=\"font-weight: 400;\">\u00a0<\/p>\n<p style=\"font-weight: 400;\">El Gobierno de San Juan, a trav\u00e9s del Ministerio de Turismo y Cultura, junto al Teatro del Bicentenario, en su apuesta por una sociedad basada en la igualdad, el respeto y reconocimiento a la diversidad, presentar\u00e1 por primera vez el Himno Nacional en Lengua de Se\u00f1as Argentina, en su tradicional Gala Patria del pr\u00f3ximo 24 de mayo.<\/p>\n<p style=\"font-weight: 400;\">El Himno Nacional Argentino ocupa un lugar de privilegio en nuestra cultura nacional, como una composici\u00f3n musical emblem\u00e1tica que identifica y une entre s\u00ed a quienes la interpretan, posibilitando que la memoria hist\u00f3rica de nuestra comunidad se haga presente en el imaginario colectivo cada vez que se la entona.<\/p>\n<p style=\"font-weight: 400;\">Es por esto que, en una celebraci\u00f3n \u00fanica por los 213 a\u00f1os de la Revoluci\u00f3n de Mayo, la Gala Patria del coloso sanjuanino cerrar\u00e1 la noche con un broche de oro imperdible. M\u00e1s de 25 personas, entre ellos integrantes de la Asociaci\u00f3n de Sordos San Juan, junto a alumnos de la\u00a0Escuela de Educaci\u00f3n Especial Biling\u00fce\u00a0para sordos, interpretar\u00e1n las estrofas del Himno Nacional en Lengua de Se\u00f1as Argentina, acompa\u00f1ados por parte del equipo del Teatro del Bicentenario. Adem\u00e1s, la m\u00fasica del mayor emblema nacional estar\u00e1 a cargo de un cuarteto de cuerdas local, con una maravillosa interpretaci\u00f3n en piano a cargo de Lucio Flores y la voz de Melisa Quiroga.\u00a0<\/p>\n<p style=\"font-weight: 400;\">Esta acci\u00f3n se realiza en el marco del cumplimiento de la recientemente sancionada Ley Nacional N\u00b0 27.710 de Reconocimiento de la Lengua de Se\u00f1as Argentina \u2013 LSA, la cual reconoce la Lengua de Se\u00f1as Argentina como lengua natural y originaria en todo el territorio nacional, ampliando la participaci\u00f3n de las personas sordas en todos los actos p\u00fablicos. En una de las fechas m\u00e1s importantes para los sanjuaninos el Teatro del Bicentenario apunta a visibilizar la importancia de contar con pol\u00edticas de accesibilidad que permitan el disfrute y el acceso de todas las personas al capital cultural e hist\u00f3rico de nuestro pa\u00eds.<\/p>","protected":false},"excerpt":{"rendered":"<p>Por primera vez, en la tradicional Gala Patria del Gobierno de San Juan en el Teatro del Bicentenario, el Himno Nacional ser\u00e1 accesible para todos los p\u00fablicos con la interpretaci\u00f3n de un coro de lengua de se\u00f1as. \u00a0 El Gobierno de San Juan, a trav\u00e9s&#8230;<\/p>","protected":false},"author":4,"featured_media":24668,"comment_status":"closed","ping_status":"closed","sticky":false,"template":"","format":"standard","meta":{"h5ap_radio_sources":[],"footnotes":""},"categories":[99],"tags":[],"class_list":["post-24667","post","type-post","status-publish","format-standard","has-post-thumbnail","hentry","category-novedades"],"_links":{"self":[{"href":"https:\/\/www.teatrodelbicentenariosanjuan.org\/en\/wp-json\/wp\/v2\/posts\/24667","targetHints":{"allow":["GET"]}}],"collection":[{"href":"https:\/\/www.teatrodelbicentenariosanjuan.org\/en\/wp-json\/wp\/v2\/posts"}],"about":[{"href":"https:\/\/www.teatrodelbicentenariosanjuan.org\/en\/wp-json\/wp\/v2\/types\/post"}],"author":[{"embeddable":true,"href":"https:\/\/www.teatrodelbicentenariosanjuan.org\/en\/wp-json\/wp\/v2\/users\/4"}],"replies":[{"embeddable":true,"href":"https:\/\/www.teatrodelbicentenariosanjuan.org\/en\/wp-json\/wp\/v2\/comments?post=24667"}],"version-history":[{"count":1,"href":"https:\/\/www.teatrodelbicentenariosanjuan.org\/en\/wp-json\/wp\/v2\/posts\/24667\/revisions"}],"predecessor-version":[{"id":24669,"href":"https:\/\/www.teatrodelbicentenariosanjuan.org\/en\/wp-json\/wp\/v2\/posts\/24667\/revisions\/24669"}],"wp:featuredmedia":[{"embeddable":true,"href":"https:\/\/www.teatrodelbicentenariosanjuan.org\/en\/wp-json\/wp\/v2\/media\/24668"}],"wp:attachment":[{"href":"https:\/\/www.teatrodelbicentenariosanjuan.org\/en\/wp-json\/wp\/v2\/media?parent=24667"}],"wp:term":[{"taxonomy":"category","embeddable":true,"href":"https:\/\/www.teatrodelbicentenariosanjuan.org\/en\/wp-json\/wp\/v2\/categories?post=24667"},{"taxonomy":"post_tag","embeddable":true,"href":"https:\/\/www.teatrodelbicentenariosanjuan.org\/en\/wp-json\/wp\/v2\/tags?post=24667"}],"curies":[{"name":"wp","href":"https:\/\/api.w.org\/{rel}","templated":true}]}}