{"id":24713,"date":"2023-06-01T15:15:53","date_gmt":"2023-06-01T18:15:53","guid":{"rendered":"https:\/\/www.teatrodelbicentenariosanjuan.org\/?p=24713"},"modified":"2023-06-01T15:15:53","modified_gmt":"2023-06-01T18:15:53","slug":"tras-agotar-entradas-el-tb-suma-una-nueva-funcion-de-ninos-y-jovenes-en-concierto","status":"publish","type":"post","link":"https:\/\/www.teatrodelbicentenariosanjuan.org\/en\/novedades\/tras-agotar-entradas-el-tb-suma-una-nueva-funcion-de-ninos-y-jovenes-en-concierto\/","title":{"rendered":"TRAS AGOTAR ENTRADAS, EL TB SUMA UNA NUEVA FUNCI\u00d3N DE \u201cNI\u00d1OS Y J\u00d3VENES EN CONCIERTO\u201d"},"content":{"rendered":"<p><em>El concierto de cuerdas a cargo del violinista Leandro Balderrama, repetir\u00e1 funci\u00f3n el jueves 8 de junio, a las 20hs, en la Sala Audit\u00f3rium del TB. Entrada gratuita con invitaci\u00f3n a retirar por Boleter\u00eda. <\/em><\/p>\n<p><em>\u00a0<\/em><\/p>\n<p>El Ministerio de Turismo y Cultura, a trav\u00e9s del Teatro del Bicentenario, presenta \u201cNi\u00f1os y J\u00f3venes en Concierto\u201d, un concierto de instrumentos de cuerdas protagonizado por alumnos de la \u00faltima edici\u00f3n del Festival Indiana que se realiz\u00f3 en el TB. Este espect\u00e1culo, que suma una nueva funci\u00f3n, concluye lo que fue una serie de encuentros y ensayos realizados en los espacios del coloso sanjuanino.<\/p>\n<p>Estos conciertos estar\u00e1n dirigidos por el joven violinista sanjuanino Leandro Balderrama, en la antesala a su viaje a Estados Unidos para formarse en el \u201cRetreat for Violinists and Violists\u201d de la Jacobs School of Music de Indiana, beca otorgada por la Fundaci\u00f3n del Banco San Juan por su desempe\u00f1o destacado como profesor asistente durante dicho Festival. Adem\u00e1s, los j\u00f3venes protagonistas contar\u00e1n con el apoyo musical de la profesora y violista Gala Grosman y el violinista Santiago \u00c1ngel.<\/p>\n<p>En esta ocasi\u00f3n, 35 j\u00f3venes de entre 7 y 24 a\u00f1os interpretar\u00e1n un variado repertorio en viol\u00edn, cello, viola, y contrabajo con acompa\u00f1amiento de piano. El espect\u00e1culo contar\u00e1 con dos partes de un colorido y variado repertorio, incluyendo una serie de canciones infantiles, m\u00fasica cl\u00e1sica y finalizar\u00e1 con piezas folkl\u00f3ricas de distintas partes del mundo: Piezas cl\u00e1sicas como el Preludio, Entreacto y Canci\u00f3n de la \u00d3pera <em>Carmen<\/em> de Georges Bizet, o <em>3 D\u00faos<\/em> de Bela Bartok y de los m\u00e1s tradicionales como <em>Libertango<\/em> de Astor Piazzola. Un espect\u00e1culo gratuito para disfrutar en familia.<\/p>\n<p>La nueva funci\u00f3n de \u201cNi\u00f1os y j\u00f3venes en concierto\u201d ser\u00e1 el pr\u00f3ximo jueves 8 de junio, a las 20hs, en la Sala Audit\u00f3rium del TB. Las entradas ser\u00e1n gratuitas con invitaci\u00f3n, hasta dos por persona, a retirar por Boleter\u00eda de lunes a viernes, de 9 30 a 14hs, de 16 a 20hs y los s\u00e1bados de 10 a 13 30hs. Disponibilidad hasta agotar ubicaciones.\u00a0<\/p>","protected":false},"excerpt":{"rendered":"<p>El concierto de cuerdas a cargo del violinista Leandro Balderrama, repetir\u00e1 funci\u00f3n el jueves 8 de junio, a las 20hs, en la Sala Audit\u00f3rium del TB. Entrada gratuita con invitaci\u00f3n a retirar por Boleter\u00eda. \u00a0 El Ministerio de Turismo y Cultura, a trav\u00e9s del Teatro&#8230;<\/p>","protected":false},"author":4,"featured_media":24715,"comment_status":"closed","ping_status":"closed","sticky":false,"template":"","format":"standard","meta":{"h5ap_radio_sources":[],"footnotes":""},"categories":[99],"tags":[],"class_list":["post-24713","post","type-post","status-publish","format-standard","has-post-thumbnail","hentry","category-novedades"],"_links":{"self":[{"href":"https:\/\/www.teatrodelbicentenariosanjuan.org\/en\/wp-json\/wp\/v2\/posts\/24713","targetHints":{"allow":["GET"]}}],"collection":[{"href":"https:\/\/www.teatrodelbicentenariosanjuan.org\/en\/wp-json\/wp\/v2\/posts"}],"about":[{"href":"https:\/\/www.teatrodelbicentenariosanjuan.org\/en\/wp-json\/wp\/v2\/types\/post"}],"author":[{"embeddable":true,"href":"https:\/\/www.teatrodelbicentenariosanjuan.org\/en\/wp-json\/wp\/v2\/users\/4"}],"replies":[{"embeddable":true,"href":"https:\/\/www.teatrodelbicentenariosanjuan.org\/en\/wp-json\/wp\/v2\/comments?post=24713"}],"version-history":[{"count":1,"href":"https:\/\/www.teatrodelbicentenariosanjuan.org\/en\/wp-json\/wp\/v2\/posts\/24713\/revisions"}],"predecessor-version":[{"id":24716,"href":"https:\/\/www.teatrodelbicentenariosanjuan.org\/en\/wp-json\/wp\/v2\/posts\/24713\/revisions\/24716"}],"wp:featuredmedia":[{"embeddable":true,"href":"https:\/\/www.teatrodelbicentenariosanjuan.org\/en\/wp-json\/wp\/v2\/media\/24715"}],"wp:attachment":[{"href":"https:\/\/www.teatrodelbicentenariosanjuan.org\/en\/wp-json\/wp\/v2\/media?parent=24713"}],"wp:term":[{"taxonomy":"category","embeddable":true,"href":"https:\/\/www.teatrodelbicentenariosanjuan.org\/en\/wp-json\/wp\/v2\/categories?post=24713"},{"taxonomy":"post_tag","embeddable":true,"href":"https:\/\/www.teatrodelbicentenariosanjuan.org\/en\/wp-json\/wp\/v2\/tags?post=24713"}],"curies":[{"name":"wp","href":"https:\/\/api.w.org\/{rel}","templated":true}]}}