{"id":24839,"date":"2023-06-26T09:54:37","date_gmt":"2023-06-26T12:54:37","guid":{"rendered":"https:\/\/www.teatrodelbicentenariosanjuan.org\/?p=24839"},"modified":"2023-06-26T10:51:26","modified_gmt":"2023-06-26T13:51:26","slug":"miguel-mateos-sinfonico-la-vuelta-del-gran-cantante-argentino-a-san-juan","status":"publish","type":"post","link":"https:\/\/www.teatrodelbicentenariosanjuan.org\/en\/novedades\/miguel-mateos-sinfonico-la-vuelta-del-gran-cantante-argentino-a-san-juan\/","title":{"rendered":"MIGUEL MATEOS SINF\u00d3NICO: LA VUELTA DEL GRAN CANTANTE ARGENTINO A SAN JUAN"},"content":{"rendered":"<div dir=\"auto\"><i>Con m\u00e1s de 30 m\u00fasicos en escena, el artista visitar\u00e1 el TB en un repaso in\u00e9dito por su carrera este pr\u00f3ximo 2 de septiembre, a las 22hs. Entradas a partir del lunes 26 de junio por Boleter\u00eda del TB y en\u00a0<a href=\"http:\/\/tuentrada.com\/\" target=\"_blank\" rel=\"noopener\" data-saferedirecturl=\"https:\/\/www.google.com\/url?q=http:\/\/tuentrada.com&amp;source=gmail&amp;ust=1687870119424000&amp;usg=AOvVaw0fkHXnBb9fI0Rzhbo2aXa2\">tuentrada.com<\/a><\/i><\/div>\n<div dir=\"auto\">\u00a0<\/div>\n<div dir=\"auto\">El Ministerio de Turismo y Cultura, a trav\u00e9s del Teatro del Bicentenario, presenta a Miguel Mateos en un show sinf\u00f3nico \u00fanico para el disfrute de sanjuaninos y turistas. Este pr\u00f3ximo 2 de septiembre, a las 22hs, el \u201cjefe del rock en espa\u00f1ol\u201d, har\u00e1 un repaso por las canciones m\u00e1s emblem\u00e1ticas de su repertorio en formato sinf\u00f3nico junto a su banda estable y contar\u00e1 con una orquesta compuesta por m\u00e1s de 30 m\u00fasicos en escena.<\/div>\n<div dir=\"auto\">\u00a0<\/div>\n<div dir=\"auto\">Tras su presentaci\u00f3n en el coloso sanjuanino en julio del 2022, con funciones agotadas, el cantante vuelve a San Juan con un show originado en la celebraci\u00f3n de sus 40 a\u00f1os de m\u00fasica en un formato sinf\u00f3nico imperdible. Pr\u00f3ximamente, estar\u00e1 editando su \u00e1lbum \u201cMateos Sinf\u00f3nico\u201d por el sello Sony Music, que estar\u00e1 disponible en formato f\u00edsico y digital.<\/div>\n<div dir=\"auto\">\u00a0<\/div>\n<div dir=\"auto\">Desde su primer single \u201cVa por vos, para vos\u201d, los temas que marcaron a fuego la primavera democr\u00e1tica como \u201cHuevos\u201d, \u201cTir\u00e1 para arriba\u201d, \u201cTengo que parar\u201d, las canciones que abrieron el camino para el rock argentino en Latinoam\u00e9rica como \u201cObsesi\u00f3n\u201d, \u201cCuando seas grande\u201d, \u201cLl\u00e1mame, si me necesitas\u201d, hasta el presente de \u201cUndotrecu\u00e1\u201d con su homenaje al rock argentino de \u201cEl nacional\u201d o la power balad \u201cEl menos complicado de los hombres\u201d.<\/div>\n<div dir=\"auto\">\u00a0<\/div>\n<div dir=\"auto\">En esta noche inolvidable que Miguel Mateos le dar\u00e1 al p\u00fablico local, tanto fieles seguidores como las nuevas generaciones viajar\u00e1n en el tiempo con sus canciones inoxidables.<\/div>\n<div dir=\"auto\">\u00a0<\/div>\n<div dir=\"auto\">El espect\u00e1culo ser\u00e1 el pr\u00f3ximo 2 de septiembre, a las 22hs, en el Teatro del Bicentenario. El valor de las entradas es de $7500, $9000, $11000, $13000 y $15000, y\u00a0<b>estar\u00e1n disponibles a la venta a partir del pr\u00f3ximo lunes 26 de junio,<\/b>\u00a0por boleter\u00eda del TB de lunes a viernes, de 9:30 a 14, de 16 a 20. Los s\u00e1bados de 10 a 13:30 hs, y el d\u00eda de la funci\u00f3n 2 horas antes de la misma. Tambi\u00e9n estar\u00e1n a la venta a trav\u00e9s de la p\u00e1gina de TuEntrada.com.<\/div>","protected":false},"excerpt":{"rendered":"<p>Con m\u00e1s de 30 m\u00fasicos en escena, el artista visitar\u00e1 el TB en un repaso in\u00e9dito por su carrera este pr\u00f3ximo 2 de septiembre, a las 22hs. Entradas a partir del lunes 26 de junio por Boleter\u00eda del TB y en\u00a0tuentrada.com \u00a0 El Ministerio de&#8230;<\/p>","protected":false},"author":4,"featured_media":24842,"comment_status":"closed","ping_status":"closed","sticky":false,"template":"","format":"standard","meta":{"h5ap_radio_sources":[],"footnotes":""},"categories":[99],"tags":[],"class_list":["post-24839","post","type-post","status-publish","format-standard","has-post-thumbnail","hentry","category-novedades"],"_links":{"self":[{"href":"https:\/\/www.teatrodelbicentenariosanjuan.org\/en\/wp-json\/wp\/v2\/posts\/24839","targetHints":{"allow":["GET"]}}],"collection":[{"href":"https:\/\/www.teatrodelbicentenariosanjuan.org\/en\/wp-json\/wp\/v2\/posts"}],"about":[{"href":"https:\/\/www.teatrodelbicentenariosanjuan.org\/en\/wp-json\/wp\/v2\/types\/post"}],"author":[{"embeddable":true,"href":"https:\/\/www.teatrodelbicentenariosanjuan.org\/en\/wp-json\/wp\/v2\/users\/4"}],"replies":[{"embeddable":true,"href":"https:\/\/www.teatrodelbicentenariosanjuan.org\/en\/wp-json\/wp\/v2\/comments?post=24839"}],"version-history":[{"count":1,"href":"https:\/\/www.teatrodelbicentenariosanjuan.org\/en\/wp-json\/wp\/v2\/posts\/24839\/revisions"}],"predecessor-version":[{"id":24841,"href":"https:\/\/www.teatrodelbicentenariosanjuan.org\/en\/wp-json\/wp\/v2\/posts\/24839\/revisions\/24841"}],"wp:featuredmedia":[{"embeddable":true,"href":"https:\/\/www.teatrodelbicentenariosanjuan.org\/en\/wp-json\/wp\/v2\/media\/24842"}],"wp:attachment":[{"href":"https:\/\/www.teatrodelbicentenariosanjuan.org\/en\/wp-json\/wp\/v2\/media?parent=24839"}],"wp:term":[{"taxonomy":"category","embeddable":true,"href":"https:\/\/www.teatrodelbicentenariosanjuan.org\/en\/wp-json\/wp\/v2\/categories?post=24839"},{"taxonomy":"post_tag","embeddable":true,"href":"https:\/\/www.teatrodelbicentenariosanjuan.org\/en\/wp-json\/wp\/v2\/tags?post=24839"}],"curies":[{"name":"wp","href":"https:\/\/api.w.org\/{rel}","templated":true}]}}