{"id":24902,"date":"2023-07-20T09:41:46","date_gmt":"2023-07-20T12:41:46","guid":{"rendered":"https:\/\/www.teatrodelbicentenariosanjuan.org\/?p=24902"},"modified":"2023-07-20T09:41:46","modified_gmt":"2023-07-20T12:41:46","slug":"reprogramacion-de-espectaculo-the-beats","status":"publish","type":"post","link":"https:\/\/www.teatrodelbicentenariosanjuan.org\/en\/novedades\/reprogramacion-de-espectaculo-the-beats\/","title":{"rendered":"REPROGRAMACI\u00d3N DE ESPECT\u00c1CULO THE BEATS"},"content":{"rendered":"<p>El Ministerio de Turismo y Cultura, a trav\u00e9s del Teatro del Bicentenario, comunica que por motivos de fuerza mayor y de salud de los artistas, informa la reprogramaci\u00f3n del espect\u00e1culo \u00abBienvenidos\u00bb &#8211; The Beats previsto para el s\u00e1bado 22 de julio, a las 22hs. <\/p>\n<p>\u2022 La funci\u00f3n ser\u00e1 el pr\u00f3ximo <b>9 de septiembre, a las 22hs.<\/b><br \/>\n\u2022 <b>Los tickets adquiridos para la funci\u00f3n del 22 de julio, son v\u00e1lidos para la fecha de reprogramaci\u00f3n.<br \/>\n<\/b><br \/>\nEn caso de devoluci\u00f3n<br \/>\n\u2022 Se ruega tener en su poder el ticket para su reembolso. <br \/>\n\u2022 Se reintegrar\u00e1 el valor de las entradas adquiridas por boleter\u00eda, de lunes a viernes de 9:30 a 14 y de 16 a 20; s\u00e1bado de 10 a 13:30 horas. <br \/>\n\u2022 De haber adquirido los tickets online, a trav\u00e9s de <a href=\"http:\/\/tuentrada.com\" target=\"_blank\" rel=\"noopener\" data-saferedirecturl=\"https:\/\/www.google.com\/url?q=http:\/\/tuentrada.com&amp;source=gmail&amp;ust=1689942355677000&amp;usg=AOvVaw2yJF5HNafW5p7Yfb3lfnOd\">tuentrada.com<\/a>, deber\u00e1n realizar el pedido de reembolso por esta misma v\u00eda (online).<\/p>\n<p><b>** LA FECHA PARA SU REEMBOLSO SER\u00c1 \u00a0DEL 20 AL 31 DE JULIO DEL 2023, TANTO POR BOLETER\u00cdA COMO POR <a href=\"http:\/\/TUENTRADA.COM\" target=\"_blank\" rel=\"noopener\" data-saferedirecturl=\"https:\/\/www.google.com\/url?q=http:\/\/TUENTRADA.COM&amp;source=gmail&amp;ust=1689942355677000&amp;usg=AOvVaw2TuSa7QYbnYokVd4_6-N96\">TUENTRADA.COM<\/a><\/b><\/p>","protected":false},"excerpt":{"rendered":"<p>El Ministerio de Turismo y Cultura, a trav\u00e9s del Teatro del Bicentenario, comunica que por motivos de fuerza mayor y de salud de los artistas, informa la reprogramaci\u00f3n del espect\u00e1culo \u00abBienvenidos\u00bb &#8211; The Beats previsto para el s\u00e1bado 22 de julio, a las 22hs. \u2022&#8230;<\/p>","protected":false},"author":4,"featured_media":24585,"comment_status":"closed","ping_status":"closed","sticky":false,"template":"","format":"standard","meta":{"h5ap_radio_sources":[],"footnotes":""},"categories":[99],"tags":[],"class_list":["post-24902","post","type-post","status-publish","format-standard","has-post-thumbnail","hentry","category-novedades"],"_links":{"self":[{"href":"https:\/\/www.teatrodelbicentenariosanjuan.org\/en\/wp-json\/wp\/v2\/posts\/24902","targetHints":{"allow":["GET"]}}],"collection":[{"href":"https:\/\/www.teatrodelbicentenariosanjuan.org\/en\/wp-json\/wp\/v2\/posts"}],"about":[{"href":"https:\/\/www.teatrodelbicentenariosanjuan.org\/en\/wp-json\/wp\/v2\/types\/post"}],"author":[{"embeddable":true,"href":"https:\/\/www.teatrodelbicentenariosanjuan.org\/en\/wp-json\/wp\/v2\/users\/4"}],"replies":[{"embeddable":true,"href":"https:\/\/www.teatrodelbicentenariosanjuan.org\/en\/wp-json\/wp\/v2\/comments?post=24902"}],"version-history":[{"count":1,"href":"https:\/\/www.teatrodelbicentenariosanjuan.org\/en\/wp-json\/wp\/v2\/posts\/24902\/revisions"}],"predecessor-version":[{"id":24903,"href":"https:\/\/www.teatrodelbicentenariosanjuan.org\/en\/wp-json\/wp\/v2\/posts\/24902\/revisions\/24903"}],"wp:featuredmedia":[{"embeddable":true,"href":"https:\/\/www.teatrodelbicentenariosanjuan.org\/en\/wp-json\/wp\/v2\/media\/24585"}],"wp:attachment":[{"href":"https:\/\/www.teatrodelbicentenariosanjuan.org\/en\/wp-json\/wp\/v2\/media?parent=24902"}],"wp:term":[{"taxonomy":"category","embeddable":true,"href":"https:\/\/www.teatrodelbicentenariosanjuan.org\/en\/wp-json\/wp\/v2\/categories?post=24902"},{"taxonomy":"post_tag","embeddable":true,"href":"https:\/\/www.teatrodelbicentenariosanjuan.org\/en\/wp-json\/wp\/v2\/tags?post=24902"}],"curies":[{"name":"wp","href":"https:\/\/api.w.org\/{rel}","templated":true}]}}