{"id":25016,"date":"2023-08-28T11:24:38","date_gmt":"2023-08-28T14:24:38","guid":{"rendered":"https:\/\/www.teatrodelbicentenariosanjuan.org\/?p=25016"},"modified":"2023-08-28T11:24:38","modified_gmt":"2023-08-28T14:24:38","slug":"mas-de-4-500-personas-ovacionaron-a-diego-torres-en-su-paso-por-san-juan","status":"publish","type":"post","link":"https:\/\/www.teatrodelbicentenariosanjuan.org\/en\/novedades\/mas-de-4-500-personas-ovacionaron-a-diego-torres-en-su-paso-por-san-juan\/","title":{"rendered":"M\u00c1S DE 4.500 PERSONAS OVACIONARON A DIEGO TORRES EN SU PASO POR SAN JUAN"},"content":{"rendered":"<p>El gran cantautor argentino hizo vibrar el Teatro del Bicentenario con sus 4 funciones a sala llena, en las que el p\u00fablico cant\u00f3 a viva voz sus m\u00e1s grandes \u00e9xitos.<\/p>\n<p>Del 24 al 27 de agosto, en el Teatro del Bicentenario, dependiente del Ministerio de Turismo y Cultura, m\u00e1s de 4 mil personas disfrutaron de los grandes \u00e9xitos de Diego Torres y sus m\u00e1s recientes lanzamientos. Con un setlist preparado para emocionar al p\u00fablico con sus cl\u00e1sicos como \u201cPen\u00e9lope\u201d, \u201cQue no me pierda\u201d o \u201cTratar de estar mejor\u201d, mezclados con las canciones de su \u00e1lbum \u201cAtl\u00e1ntico a pie\u201d presentado en 2021 y algunas perlitas que formar\u00e1n parte de su pr\u00f3ximo disco, Diego Torres le brind\u00f3 a los sanjuaninos y turistas 4 noches inolvidables.<\/p>\n<p>El cantautor argentino, ganador de 3 Grammy Latino y decenas de Premios Gardel, brind\u00f3 un show de poco m\u00e1s de 2 horas en cada noche en el TB. Con la ovaci\u00f3n del p\u00fablico al t\u00e9rmino de cada canci\u00f3n, Diego Torres cont\u00f3 an\u00e9cdotas e historias que contienen sus canciones y puso en valor el gran compromiso del p\u00fablico sanjuanino que agot\u00f3 4 funciones, de manera in\u00e9dita en el pa\u00eds, para compartir su m\u00fasica.<\/p>\n<p>Adem\u00e1s, en un gesto especial para todo el p\u00fablico local, Diego Torres interpret\u00f3 junto al tecladista de su banda, el santiague\u00f1o Santiago Alvarado, las estrofas de la zamba \u201cVolver\u00e9 siempre a San Juan\u201d, en una versi\u00f3n muy sentida que le vali\u00f3 el afecto y la emoci\u00f3n de todos los presentes.<\/p>\n<p>Los bises fueron tan especiales como todo el concierto, ya que toc\u00f3 un nuevo sencillo que lanzar\u00e1 la semana que viene, luego de su paso por la provincia.<\/p>","protected":false},"excerpt":{"rendered":"<p>El gran cantautor argentino hizo vibrar el Teatro del Bicentenario con sus 4 funciones a sala llena, en las que el p\u00fablico cant\u00f3 a viva voz sus m\u00e1s grandes \u00e9xitos. Del 24 al 27 de agosto, en el Teatro del Bicentenario, dependiente del Ministerio de&#8230;<\/p>","protected":false},"author":4,"featured_media":25017,"comment_status":"closed","ping_status":"closed","sticky":false,"template":"","format":"standard","meta":{"h5ap_radio_sources":[],"footnotes":""},"categories":[99],"tags":[],"class_list":["post-25016","post","type-post","status-publish","format-standard","has-post-thumbnail","hentry","category-novedades"],"_links":{"self":[{"href":"https:\/\/www.teatrodelbicentenariosanjuan.org\/en\/wp-json\/wp\/v2\/posts\/25016","targetHints":{"allow":["GET"]}}],"collection":[{"href":"https:\/\/www.teatrodelbicentenariosanjuan.org\/en\/wp-json\/wp\/v2\/posts"}],"about":[{"href":"https:\/\/www.teatrodelbicentenariosanjuan.org\/en\/wp-json\/wp\/v2\/types\/post"}],"author":[{"embeddable":true,"href":"https:\/\/www.teatrodelbicentenariosanjuan.org\/en\/wp-json\/wp\/v2\/users\/4"}],"replies":[{"embeddable":true,"href":"https:\/\/www.teatrodelbicentenariosanjuan.org\/en\/wp-json\/wp\/v2\/comments?post=25016"}],"version-history":[{"count":1,"href":"https:\/\/www.teatrodelbicentenariosanjuan.org\/en\/wp-json\/wp\/v2\/posts\/25016\/revisions"}],"predecessor-version":[{"id":25018,"href":"https:\/\/www.teatrodelbicentenariosanjuan.org\/en\/wp-json\/wp\/v2\/posts\/25016\/revisions\/25018"}],"wp:featuredmedia":[{"embeddable":true,"href":"https:\/\/www.teatrodelbicentenariosanjuan.org\/en\/wp-json\/wp\/v2\/media\/25017"}],"wp:attachment":[{"href":"https:\/\/www.teatrodelbicentenariosanjuan.org\/en\/wp-json\/wp\/v2\/media?parent=25016"}],"wp:term":[{"taxonomy":"category","embeddable":true,"href":"https:\/\/www.teatrodelbicentenariosanjuan.org\/en\/wp-json\/wp\/v2\/categories?post=25016"},{"taxonomy":"post_tag","embeddable":true,"href":"https:\/\/www.teatrodelbicentenariosanjuan.org\/en\/wp-json\/wp\/v2\/tags?post=25016"}],"curies":[{"name":"wp","href":"https:\/\/api.w.org\/{rel}","templated":true}]}}