{"id":25032,"date":"2023-08-31T14:07:25","date_gmt":"2023-08-31T17:07:25","guid":{"rendered":"https:\/\/www.teatrodelbicentenariosanjuan.org\/?p=25032"},"modified":"2023-08-31T14:07:25","modified_gmt":"2023-08-31T17:07:25","slug":"la-poesia-de-leonidas-escudero-cobra-vida-en-escena-con-cordillera-arriba","status":"publish","type":"post","link":"https:\/\/www.teatrodelbicentenariosanjuan.org\/en\/novedades\/la-poesia-de-leonidas-escudero-cobra-vida-en-escena-con-cordillera-arriba\/","title":{"rendered":"LA POES\u00cdA DE LE\u00d3NIDAS ESCUDERO COBRA VIDA EN ESCENA CON \u201cCORDILLERA ARRIBA\u201d"},"content":{"rendered":"<p>Tras un exitoso estreno, el espect\u00e1culo transdisciplinar vuelve al escenario del TB el pr\u00f3ximo viernes 22 de septiembre, a las 22hs, en la Sala Audit\u00f3rium. Entradas a la venta por Boleter\u00eda, o a trav\u00e9s de TuEntrada.com.<\/p>\n<p>&nbsp;<\/p>\n<p>El Ministerio de Turismo y Cultura, a trav\u00e9s del Teatro del Bicentenario, presenta \u201cCordillera Arriba\u201d, un espect\u00e1culo transdisciplinar con m\u00fasica a cargo del pianista sanjuanino Tito Oliva. El proyecto es uno de los seleccionados este a\u00f1o para formar parte de la Ley de Mecenazgo Cultural.<\/p>\n<p>A partir de poes\u00edas del escritor sanjuanino Jorge Le\u00f3nidas Escudero (1920- 2016), la puesta en escena toma forma integrando m\u00fasica original para piano, canto l\u00edrico, proyecci\u00f3n de im\u00e1genes en movimiento y coreograf\u00edas danc\u00edsticas.<\/p>\n<p>La elaboraci\u00f3n conceptual de la obra se apoya en tem\u00e1ticas presentes en los textos del poeta, que representan ideas paradigm\u00e1ticas como lo tel\u00farico, lo regional, la tradici\u00f3n y la temporalidad. Los bailarines y cantantes construyen en conjunto una emocionante puesta que desaf\u00eda los l\u00edmites de la expresi\u00f3n art\u00edstica.<\/p>\n<p>La obra consiste en doce escenas basadas cada una de ellas en una poes\u00eda, que se suceden a manera de una galer\u00eda. La m\u00fasica sigue el derrotero de la palabra sin encapsularse en una forma musical a priori.<\/p>\n<p>El nombre de la obra, que corresponde a una de las poes\u00edas, evoca el paisaje sanjuanino. Enmarca toda la puesta la impronta de este paisaje agreste, aunque esclarecedor.<\/p>\n<p>&nbsp;<\/p>\n<p>Con la direcci\u00f3n art\u00edstica y visual de Silvina Mart\u00ednez, producci\u00f3n general y art\u00edstica de Isabel Rostagno y coreograf\u00eda de Carla Vellio, \u201cCordillera Arriba\u201d promete cautivar al p\u00fablico nuevamente.<\/p>\n<p>El espect\u00e1culo dura aproximadamente una hora, y tendr\u00e1 su funci\u00f3n el pr\u00f3ximo viernes 22 de septiembre, 22hs, en la Sala Audit\u00f3rium del TB. La entrada general de $2000 puede adquirirse en Boleter\u00eda del TB de lunes a viernes de 9 30 a 14hs, de 16 a 20hs y los d\u00edas s\u00e1bados de 10 a 13 30hs, o el d\u00eda de la funci\u00f3n desde una hora antes de la misma. Tambi\u00e9n pueden adquirirse online a trav\u00e9s de TuEntrada.com <a href=\"https:\/\/tbsj.tuentrada.com\/selection\/event\/date?productId=10228796862065\">https:\/\/tbsj.tuentrada.com\/selection\/event\/date?productId=10228796862065<\/a><\/p>","protected":false},"excerpt":{"rendered":"<p>Tras un exitoso estreno, el espect\u00e1culo transdisciplinar vuelve al escenario del TB el pr\u00f3ximo viernes 22 de septiembre, a las 22hs, en la Sala Audit\u00f3rium. Entradas a la venta por Boleter\u00eda, o a trav\u00e9s de TuEntrada.com. &nbsp; El Ministerio de Turismo y Cultura, a trav\u00e9s&#8230;<\/p>","protected":false},"author":4,"featured_media":25033,"comment_status":"closed","ping_status":"closed","sticky":false,"template":"","format":"standard","meta":{"h5ap_radio_sources":[],"footnotes":""},"categories":[99],"tags":[],"class_list":["post-25032","post","type-post","status-publish","format-standard","has-post-thumbnail","hentry","category-novedades"],"_links":{"self":[{"href":"https:\/\/www.teatrodelbicentenariosanjuan.org\/en\/wp-json\/wp\/v2\/posts\/25032","targetHints":{"allow":["GET"]}}],"collection":[{"href":"https:\/\/www.teatrodelbicentenariosanjuan.org\/en\/wp-json\/wp\/v2\/posts"}],"about":[{"href":"https:\/\/www.teatrodelbicentenariosanjuan.org\/en\/wp-json\/wp\/v2\/types\/post"}],"author":[{"embeddable":true,"href":"https:\/\/www.teatrodelbicentenariosanjuan.org\/en\/wp-json\/wp\/v2\/users\/4"}],"replies":[{"embeddable":true,"href":"https:\/\/www.teatrodelbicentenariosanjuan.org\/en\/wp-json\/wp\/v2\/comments?post=25032"}],"version-history":[{"count":1,"href":"https:\/\/www.teatrodelbicentenariosanjuan.org\/en\/wp-json\/wp\/v2\/posts\/25032\/revisions"}],"predecessor-version":[{"id":25034,"href":"https:\/\/www.teatrodelbicentenariosanjuan.org\/en\/wp-json\/wp\/v2\/posts\/25032\/revisions\/25034"}],"wp:featuredmedia":[{"embeddable":true,"href":"https:\/\/www.teatrodelbicentenariosanjuan.org\/en\/wp-json\/wp\/v2\/media\/25033"}],"wp:attachment":[{"href":"https:\/\/www.teatrodelbicentenariosanjuan.org\/en\/wp-json\/wp\/v2\/media?parent=25032"}],"wp:term":[{"taxonomy":"category","embeddable":true,"href":"https:\/\/www.teatrodelbicentenariosanjuan.org\/en\/wp-json\/wp\/v2\/categories?post=25032"},{"taxonomy":"post_tag","embeddable":true,"href":"https:\/\/www.teatrodelbicentenariosanjuan.org\/en\/wp-json\/wp\/v2\/tags?post=25032"}],"curies":[{"name":"wp","href":"https:\/\/api.w.org\/{rel}","templated":true}]}}