{"id":25047,"date":"2023-09-06T10:27:59","date_gmt":"2023-09-06T13:27:59","guid":{"rendered":"https:\/\/www.teatrodelbicentenariosanjuan.org\/?p=25047"},"modified":"2023-09-06T10:27:59","modified_gmt":"2023-09-06T13:27:59","slug":"tablao-flamenco-lo-mejor-del-baile-y-cante-andaluz-en-el-tb","status":"publish","type":"post","link":"https:\/\/www.teatrodelbicentenariosanjuan.org\/en\/novedades\/tablao-flamenco-lo-mejor-del-baile-y-cante-andaluz-en-el-tb\/","title":{"rendered":"\u201cTABLAO FLAMENCO\u201d: LO MEJOR DEL BAILE Y CANTE ANDALUZ EN EL TB"},"content":{"rendered":"<p><strong>\u00a0<\/strong><\/p>\n<p><em>Desde Espa\u00f1a, el bailaor Federico N\u00fa\u00f1ez junto a artistas locales deleitar\u00e1 al p\u00fablico en un imperdible <\/em>Tablao<em> Flamenco el pr\u00f3ximo s\u00e1bado 23 de septiembre, a las 22hs, en la Sala Audit\u00f3rium del TB. Entradas a la venta en boleter\u00eda y a trav\u00e9s de TuEntrada.com. <\/em><\/p>\n<p><em>\u00a0<\/em><\/p>\n<p>El Ministerio de Turismo y Cultura, a trav\u00e9s del Teatro del Bicentenario, presenta \u201cTablao Flamenco\u201d, un espect\u00e1culo que inundar\u00e1 la Sala Audit\u00f3rium TB de cultura andaluza para el deleite del p\u00fablico sanjuanino. En esta ocasi\u00f3n, la velada organizada por la referente sanjuanina Cuky Maestro, estar\u00e1 protagonizada por el bailaor Federico N\u00fa\u00f1ez, que llega a la provincia desde Sevilla (Espa\u00f1a). Se trata de un gran bailaor oriundo de Mendoza, con gran trayectoria a nivel internacional y que ha formado parte del Ballet Flamenco de Andaluc\u00eda.<\/p>\n<p>La Sala Audit\u00f3rium se convierte en un tablao donde el cante, el toque y el baile se unen para deleitar al espectador con la cultura andaluza. Federico N\u00fa\u00f1ez estar\u00e1 acompa\u00f1ado en escena por los m\u00fasicos nacionales Carina Beysa al Cante, Diego Lorenzo en guitarra, Leo Landa en percusi\u00f3n, Mix Arjona en flauta traversa y las artistas locales Alejandra Minet y Cuky Maestro en palmas. Durante una hora, el p\u00fablico disfrutar\u00e1 de lo m\u00e1s puro del flamenco en un despliegue esc\u00e9nico danc\u00edstico y musical que ir\u00e1 desde el cante hondo a la m\u00fasica popular.<\/p>\n<p>\u201cTablao Flamenco\u201d sube a escena el pr\u00f3ximo s\u00e1bado 23 de septiembre, a las 22hs, en la Sala Audit\u00f3rium del Teatro del Bicentenario. La entrada general tiene un valor de $2500, y puede adquirirse en Boleter\u00eda del TB de lunes a viernes de 9 30 a 14hs, de 16 a 20hs, y s\u00e1bados de 10 a 13 30hs. Tambi\u00e9n pueden adquirirse ONLINE a trav\u00e9s de TuEntrada.com\u00a0<a href=\"https:\/\/tbsj.tuentrada.com\/list\/events\" data-saferedirecturl=\"https:\/\/www.google.com\/url?q=https:\/\/tbsj.tuentrada.com\/list\/events&amp;source=gmail&amp;ust=1694092496627000&amp;usg=AOvVaw14NA7bgN6pt_X7zvyz9zD1\">https:\/\/tbsj.tuentrada.com\/list\/events<\/a><\/p>\n<p>&nbsp;<\/p>\n<p><strong>Sobre Federico N\u00fa\u00f1ez<\/strong><\/p>\n<p>Federico N\u00fa\u00f1ez ha formado parte del\u00a0Ballet Flamenco de Andaluc\u00eda\u00a0desde julio de 2020 hasta marzo de 2022. En estos periodos ha interpretado los espect\u00e1culos \u00abEl Maleficio de la Mariposa\u00bb estrenado en el Festival \u00abLorca y Granada en los jardines del Generalife 2021\u2033 y el espect\u00e1culo homenaje a Antonio el bailar\u00edn \u00bb Antonio\u2026 100 a\u00f1os de arte\u00bb estrenado en el \u00ab70 Festival Internacional de m\u00fasica y danza de Granada\u00bb, entre otros.<\/p>\n<p>&nbsp;<\/p>\n<p>Federico tambi\u00e9n participa en diversos proyectos art\u00edsticos. C\u00f3mo bailar\u00edn solista de la agrupaci\u00f3n\u00a0Aura Flamenca\u00a0ha realizado el personaje principal de dos obras originales de car\u00e1cter \u201cOpera Flamenca\u201d en las que la interpretaci\u00f3n se basa en un baile teatralizado. Adem\u00e1s forma parte de un proyecto fusi\u00f3n entre m\u00fasica jazz y baile flamenco llamado \u201cJazz on fire\u201d junto al \u201cLovis G. Quintet\u201d.<\/p>\n<p>&nbsp;<\/p>\n<p>Compagina sus actividades teatrales y a gran escala con una constante actividad en los Tablaos de m\u00e1s prestigio de Sevilla. Federico cuenta tambi\u00e9n con su cuadro flamenco con el que realiza espect\u00e1culos flamencos de car\u00e1cter tradicional en Pe\u00f1as Flamencas y eventos privados.<\/p>\n<p>El gran bailaor reside en Sevilla desde el a\u00f1o 2014 y desde entonces trabaja en tablaos, teatros y pe\u00f1as de la Capital Andaluza.\u00a0<\/p>","protected":false},"excerpt":{"rendered":"<p>\u00a0 Desde Espa\u00f1a, el bailaor Federico N\u00fa\u00f1ez junto a artistas locales deleitar\u00e1 al p\u00fablico en un imperdible Tablao Flamenco el pr\u00f3ximo s\u00e1bado 23 de septiembre, a las 22hs, en la Sala Audit\u00f3rium del TB. Entradas a la venta en boleter\u00eda y a trav\u00e9s de TuEntrada.com&#8230;.<\/p>","protected":false},"author":4,"featured_media":25048,"comment_status":"closed","ping_status":"closed","sticky":false,"template":"","format":"standard","meta":{"h5ap_radio_sources":[],"footnotes":""},"categories":[99],"tags":[],"class_list":["post-25047","post","type-post","status-publish","format-standard","has-post-thumbnail","hentry","category-novedades"],"_links":{"self":[{"href":"https:\/\/www.teatrodelbicentenariosanjuan.org\/en\/wp-json\/wp\/v2\/posts\/25047","targetHints":{"allow":["GET"]}}],"collection":[{"href":"https:\/\/www.teatrodelbicentenariosanjuan.org\/en\/wp-json\/wp\/v2\/posts"}],"about":[{"href":"https:\/\/www.teatrodelbicentenariosanjuan.org\/en\/wp-json\/wp\/v2\/types\/post"}],"author":[{"embeddable":true,"href":"https:\/\/www.teatrodelbicentenariosanjuan.org\/en\/wp-json\/wp\/v2\/users\/4"}],"replies":[{"embeddable":true,"href":"https:\/\/www.teatrodelbicentenariosanjuan.org\/en\/wp-json\/wp\/v2\/comments?post=25047"}],"version-history":[{"count":1,"href":"https:\/\/www.teatrodelbicentenariosanjuan.org\/en\/wp-json\/wp\/v2\/posts\/25047\/revisions"}],"predecessor-version":[{"id":25049,"href":"https:\/\/www.teatrodelbicentenariosanjuan.org\/en\/wp-json\/wp\/v2\/posts\/25047\/revisions\/25049"}],"wp:featuredmedia":[{"embeddable":true,"href":"https:\/\/www.teatrodelbicentenariosanjuan.org\/en\/wp-json\/wp\/v2\/media\/25048"}],"wp:attachment":[{"href":"https:\/\/www.teatrodelbicentenariosanjuan.org\/en\/wp-json\/wp\/v2\/media?parent=25047"}],"wp:term":[{"taxonomy":"category","embeddable":true,"href":"https:\/\/www.teatrodelbicentenariosanjuan.org\/en\/wp-json\/wp\/v2\/categories?post=25047"},{"taxonomy":"post_tag","embeddable":true,"href":"https:\/\/www.teatrodelbicentenariosanjuan.org\/en\/wp-json\/wp\/v2\/tags?post=25047"}],"curies":[{"name":"wp","href":"https:\/\/api.w.org\/{rel}","templated":true}]}}