{"id":25187,"date":"2023-11-02T13:14:03","date_gmt":"2023-11-02T16:14:03","guid":{"rendered":"https:\/\/www.teatrodelbicentenariosanjuan.org\/?p=25187"},"modified":"2023-11-02T13:14:03","modified_gmt":"2023-11-02T16:14:03","slug":"emi-voiro-presenta-navega-en-la-sala-auditorium-del-tb-junto-a-reconocidos-artistas-locales","status":"publish","type":"post","link":"https:\/\/www.teatrodelbicentenariosanjuan.org\/en\/novedades\/emi-voiro-presenta-navega-en-la-sala-auditorium-del-tb-junto-a-reconocidos-artistas-locales\/","title":{"rendered":"Emi Voiro presenta NAVEG\u00c1, en la Sala Audit\u00f3rium del TB junto a reconocidos artistas locales"},"content":{"rendered":"<p><em>El artista presentar\u00e1 su nuevo proyecto el pr\u00f3ximo s\u00e1bado 25 de noviembre, a las 21 30hs, en la Sala Audit\u00f3rium del Teatro del Bicentenario. Entradas en venta en Boleter\u00eda del TB o a trav\u00e9s de TuEntrada.com.<\/em><\/p>\n<p><em>\u00a0<\/em><\/p>\n<p>El Ministerio de Turismo y Cultura, a trav\u00e9s del Teatro del Bicentenario, presenta <em>NAVEG\u00c1, <\/em>un espect\u00e1culo a cargo del artista sanjuanino Emi Voiro. El multifac\u00e9tico artista, actor, director teatral, dise\u00f1ador de puestas lum\u00ednicas para espect\u00e1culos y m\u00fasico, trae su propuesta musical a la Sala Audit\u00f3rium del TB.<\/p>\n<p>Voiro se dio a conocer a trav\u00e9s de <em>Tatuajes de Ruta <\/em>y su primer proyecto solista y \u00e1lbum <em>LABER\u00cdNTICO, <\/em>en el que repiensa los v\u00ednculos humanos, las debilidades heroicas y fortalezas humanas a trav\u00e9s de las historias y aventuras de los personajes mitol\u00f3gicos.<\/p>\n<p>\u00a0A un a\u00f1o de la presentaci\u00f3n de este \u00faltimo material, el artista celebra su ruta musical estrenando nuevas canciones en la sala secundaria del TB. Contar\u00e1 con la participaci\u00f3n de los m\u00fasicos locales Sebasti\u00e1n Garay, Cande Mallea, Martina Flores y Fabricio P\u00e9rez.<\/p>\n<p><em>Emi Voiro \u2013 NAVEG\u00c1 <\/em>sube a escena el pr\u00f3ximo s\u00e1bado 25 de noviembre, a las 21 30hs, en la Sala Audit\u00f3rium del TB. La entrada general de $2500 puede adquirirse en boleter\u00eda de lunes a viernes de 9 30 a 14hs, de 16 a 20hs, y los s\u00e1bados de 10 a 13 30hs. Tambi\u00e9n puede adquirirse ONLINE a trav\u00e9s de TuEntrada.com <a href=\"https:\/\/tbsj.tuentrada.com\/selection\/event\/date?productId=10228962742550\" data-saferedirecturl=\"https:\/\/www.google.com\/url?q=https:\/\/tbsj.tuentrada.com\/selection\/event\/date?productId%3D10228962742550&amp;source=gmail&amp;ust=1699027841107000&amp;usg=AOvVaw1cHRpKUSYVJ5zEebIuJgG5\">https:\/\/tbsj.tuentrada.com\/selection\/event\/date?productId=10228962742550<\/a><\/p>","protected":false},"excerpt":{"rendered":"<p>El artista presentar\u00e1 su nuevo proyecto el pr\u00f3ximo s\u00e1bado 25 de noviembre, a las 21 30hs, en la Sala Audit\u00f3rium del Teatro del Bicentenario. Entradas en venta en Boleter\u00eda del TB o a trav\u00e9s de TuEntrada.com. \u00a0 El Ministerio de Turismo y Cultura, a trav\u00e9s&#8230;<\/p>","protected":false},"author":4,"featured_media":25188,"comment_status":"closed","ping_status":"closed","sticky":false,"template":"","format":"standard","meta":{"h5ap_radio_sources":[],"footnotes":""},"categories":[99],"tags":[],"class_list":["post-25187","post","type-post","status-publish","format-standard","has-post-thumbnail","hentry","category-novedades"],"_links":{"self":[{"href":"https:\/\/www.teatrodelbicentenariosanjuan.org\/en\/wp-json\/wp\/v2\/posts\/25187","targetHints":{"allow":["GET"]}}],"collection":[{"href":"https:\/\/www.teatrodelbicentenariosanjuan.org\/en\/wp-json\/wp\/v2\/posts"}],"about":[{"href":"https:\/\/www.teatrodelbicentenariosanjuan.org\/en\/wp-json\/wp\/v2\/types\/post"}],"author":[{"embeddable":true,"href":"https:\/\/www.teatrodelbicentenariosanjuan.org\/en\/wp-json\/wp\/v2\/users\/4"}],"replies":[{"embeddable":true,"href":"https:\/\/www.teatrodelbicentenariosanjuan.org\/en\/wp-json\/wp\/v2\/comments?post=25187"}],"version-history":[{"count":1,"href":"https:\/\/www.teatrodelbicentenariosanjuan.org\/en\/wp-json\/wp\/v2\/posts\/25187\/revisions"}],"predecessor-version":[{"id":25189,"href":"https:\/\/www.teatrodelbicentenariosanjuan.org\/en\/wp-json\/wp\/v2\/posts\/25187\/revisions\/25189"}],"wp:featuredmedia":[{"embeddable":true,"href":"https:\/\/www.teatrodelbicentenariosanjuan.org\/en\/wp-json\/wp\/v2\/media\/25188"}],"wp:attachment":[{"href":"https:\/\/www.teatrodelbicentenariosanjuan.org\/en\/wp-json\/wp\/v2\/media?parent=25187"}],"wp:term":[{"taxonomy":"category","embeddable":true,"href":"https:\/\/www.teatrodelbicentenariosanjuan.org\/en\/wp-json\/wp\/v2\/categories?post=25187"},{"taxonomy":"post_tag","embeddable":true,"href":"https:\/\/www.teatrodelbicentenariosanjuan.org\/en\/wp-json\/wp\/v2\/tags?post=25187"}],"curies":[{"name":"wp","href":"https:\/\/api.w.org\/{rel}","templated":true}]}}