{"id":25242,"date":"2023-11-28T11:09:06","date_gmt":"2023-11-28T14:09:06","guid":{"rendered":"https:\/\/www.teatrodelbicentenariosanjuan.org\/?p=25242"},"modified":"2023-11-28T11:09:06","modified_gmt":"2023-11-28T14:09:06","slug":"lo-mejor-del-cancionero-popular-sube-a-escena-con-canto-versos-una-muestra-imperdible","status":"publish","type":"post","link":"https:\/\/www.teatrodelbicentenariosanjuan.org\/en\/novedades\/lo-mejor-del-cancionero-popular-sube-a-escena-con-canto-versos-una-muestra-imperdible\/","title":{"rendered":"\u00a0LO MEJOR DEL CANCIONERO POPULAR SUBE A ESCENA CON \u201cCANTO VERSOS\u201d, UNA MUESTRA IMPERDIBLE"},"content":{"rendered":"<p><em>El Teatro del Bicentenario presenta la Muestra de Cierre del Programa de Formaci\u00f3n en Canto Popular, el viernes 1 de diciembre, a las 17hs. Entrada libre y gratuita hasta agotar cupo de sala.<\/em><\/p>\n<p><em>\u00a0<\/em><\/p>\n<p>El Ministerio de Turismo y Cultura, a trav\u00e9s del Teatro del Bicentenario, invita a la comunidad sanjuanina a la muestra final del Programa de Formaci\u00f3n en Canto Popular, a cargo de los docentes Patricia Cangemi y Sebasti\u00e1n Narvaez, el pr\u00f3ximo 1 de diciembre en la Sala Audit\u00f3rium del TB. La entrada es libre y gratuita hasta agotar el cupo de sala.<\/p>\n<p>En esta oportunidad, el p\u00fablico podr\u00e1 disfrutar de una jornada con el m\u00e1s variado repertorio del cancionero popular, desde los registros m\u00e1s antiguos, pasando por una etapa de renovaci\u00f3n del folklore, hasta la colecci\u00f3n m\u00e1s actual y contempor\u00e1nea. Los participantes del Programa interpretar\u00e1n obras de Anibal Troilo, Cuchi Leguizam\u00f3n y Manuel Castilla, Ariel Ramirez, Ernesto Villavicencio, Alfredo Zitarrosa, Peteco Carabajal, entre otros cantautores del cancionero popular.<\/p>\n<p>Con modalidad presencial y gratuita, el Programa se llev\u00f3 adelante durante el segundo semestre del 2023 en el Teatro del Bicentenario. A partir de una convocatoria abierta, dirigida a cantantes con altas cualidades vocales y art\u00edsticas adem\u00e1s de conocimientos en t\u00e9cnica vocal, los docentes Patricia Cangemi y Sebasti\u00e1n Narvaez trabajaron semanalmente con los artistas sobre la interpretaci\u00f3n y el repertorio de los autores y compositores m\u00e1s representativos de la regi\u00f3n cuyana, como as\u00ed tambi\u00e9n de otras regiones de la Argentina.<\/p>\n<p>En esta propuesta se abordaron tres \u00e9pocas de la m\u00fasica popular: desde los registros m\u00e1s antiguos, pasando por una etapa de renovaci\u00f3n del folklore, hasta el repertorio m\u00e1s actual y contempor\u00e1neo.<\/p>\n<p><strong>Muestra de Cierre \u2013 \u201cCanto Versos\u201d: Programa de Formaci\u00f3n en Canto Popular. Viernes 1 de diciembre, 17hs. Sala Audit\u00f3rium del TB. Entrada libre y gratuita hasta agotar cupo de sala.<\/strong><\/p>","protected":false},"excerpt":{"rendered":"<p>El Teatro del Bicentenario presenta la Muestra de Cierre del Programa de Formaci\u00f3n en Canto Popular, el viernes 1 de diciembre, a las 17hs. Entrada libre y gratuita hasta agotar cupo de sala. \u00a0 El Ministerio de Turismo y Cultura, a trav\u00e9s del Teatro del&#8230;<\/p>","protected":false},"author":4,"featured_media":25243,"comment_status":"closed","ping_status":"closed","sticky":false,"template":"","format":"standard","meta":{"h5ap_radio_sources":[],"footnotes":""},"categories":[99],"tags":[],"class_list":["post-25242","post","type-post","status-publish","format-standard","has-post-thumbnail","hentry","category-novedades"],"_links":{"self":[{"href":"https:\/\/www.teatrodelbicentenariosanjuan.org\/en\/wp-json\/wp\/v2\/posts\/25242","targetHints":{"allow":["GET"]}}],"collection":[{"href":"https:\/\/www.teatrodelbicentenariosanjuan.org\/en\/wp-json\/wp\/v2\/posts"}],"about":[{"href":"https:\/\/www.teatrodelbicentenariosanjuan.org\/en\/wp-json\/wp\/v2\/types\/post"}],"author":[{"embeddable":true,"href":"https:\/\/www.teatrodelbicentenariosanjuan.org\/en\/wp-json\/wp\/v2\/users\/4"}],"replies":[{"embeddable":true,"href":"https:\/\/www.teatrodelbicentenariosanjuan.org\/en\/wp-json\/wp\/v2\/comments?post=25242"}],"version-history":[{"count":1,"href":"https:\/\/www.teatrodelbicentenariosanjuan.org\/en\/wp-json\/wp\/v2\/posts\/25242\/revisions"}],"predecessor-version":[{"id":25244,"href":"https:\/\/www.teatrodelbicentenariosanjuan.org\/en\/wp-json\/wp\/v2\/posts\/25242\/revisions\/25244"}],"wp:featuredmedia":[{"embeddable":true,"href":"https:\/\/www.teatrodelbicentenariosanjuan.org\/en\/wp-json\/wp\/v2\/media\/25243"}],"wp:attachment":[{"href":"https:\/\/www.teatrodelbicentenariosanjuan.org\/en\/wp-json\/wp\/v2\/media?parent=25242"}],"wp:term":[{"taxonomy":"category","embeddable":true,"href":"https:\/\/www.teatrodelbicentenariosanjuan.org\/en\/wp-json\/wp\/v2\/categories?post=25242"},{"taxonomy":"post_tag","embeddable":true,"href":"https:\/\/www.teatrodelbicentenariosanjuan.org\/en\/wp-json\/wp\/v2\/tags?post=25242"}],"curies":[{"name":"wp","href":"https:\/\/api.w.org\/{rel}","templated":true}]}}