{"id":25296,"date":"2023-12-22T11:31:58","date_gmt":"2023-12-22T14:31:58","guid":{"rendered":"https:\/\/www.teatrodelbicentenariosanjuan.org\/?p=25296"},"modified":"2023-12-22T11:31:58","modified_gmt":"2023-12-22T14:31:58","slug":"con-mas-de-50-espectaculos-la-sala-auditorium-del-tb-despide-una-temporada-apasionante","status":"publish","type":"post","link":"https:\/\/www.teatrodelbicentenariosanjuan.org\/en\/novedades\/con-mas-de-50-espectaculos-la-sala-auditorium-del-tb-despide-una-temporada-apasionante\/","title":{"rendered":"CON M\u00c1S DE 50 ESPECT\u00c1CULOS, LA SALA AUDIT\u00d3RIUM DEL TB DESPIDE UNA TEMPORADA APASIONANTE"},"content":{"rendered":"<p><i>El Teatro del Bicentenario finaliza una exitosa temporada de propuestas esc\u00e9nicas y art\u00edsticas que tuvieron lugar en su Sala Audit\u00f3rium por convocatoria abierta a la comunidad art\u00edstica local, nacional e internacional.<\/i><\/p>\n<p>La Sala Audit\u00f3rium del Teatro del Bicentenario, dependiente del Ministerio de Turismo, Cultura y Deporte, despide otra exitosa temporada de actividad art\u00edstica en diversas disciplinas y lenguajes. Por segundo a\u00f1o consecutivo, se realiz\u00f3 una convocatoria abierta a la comunidad art\u00edstica en la que se inscribieron m\u00e1s de 100 proyectos art\u00edsticos a nivel local, nacional e internacional entre las cuales qued\u00f3 un total de 50 proyectos seleccionados. <\/p>\n<p>Tanto a nivel local y nacional como internacional, la temporada estuvo conformada por diversos g\u00e9neros art\u00edsticos tales como danza, teatro, m\u00fasica y eventos especiales como festivales, talleres y muestras de fin de a\u00f1o.<\/p>\n<p>Dentro del g\u00e9nero musical, algunas de las propuestas incluyeron m\u00fasica de c\u00e1mara como Las Solistas de los Andes presentando El renacer de las flores, o el tr\u00edptico en honor al pianista y compositor santafesino Carlos Guastavino, a cargo de la cantante l\u00edrica Claudia Lepe, que cont\u00f3 con tres espect\u00e1culos diferentes a lo largo del a\u00f1o, incluyendo uno accesible. Adem\u00e1s, el m\u00fasico brasilero, Andr\u00e9 Esp\u00edndola, lleg\u00f3 al teatro para brindar un Concierto de m\u00fasica brasilera para guitarra. Como parte de la celebraci\u00f3n del 50\u00b0 aniversario de la Universidad Nacional de San Juan, el tr\u00edo Universo entre canciones propuso una fusi\u00f3n de m\u00fasica y ciencia en un espect\u00e1culo gratuito. \u00a0 \u00a0<\/p>\n<p>Otro de los grandes protagonistas este 2023 fue el rock o rock alternativo y pop a cargo de artistas solistas como el sanjuanino Juanse Berenguer y su M\u00e1quina de volar, Ignacio Agulles con El sol de la tranquilidad, y m\u00e1s recientemente, Fabricio P\u00e9rez con Barifico, y Rodri Cactus con Por qu\u00e9 pasan ciertas cosas. Por otro lado, las bandas locales Desbocados, Mundo Binario, y ExDealer hicieron vibrar la sala con su particular sonido. <\/p>\n<p>Entre las propuestas teatrales, el grupo La Esquina protagoniz\u00f3 la impactante \u201cPiedra para Mario\u201d, una historia situada en la Argentina de la d\u00e9cada del 70.\u00a0 Desde Santa Fe, Laura Copello y Felipe Haidar subieron a escena con \u201cTodav\u00eda No (lo importante de acordarse)\u201d, una propuesta de teatro expandido. Desde Buenos Aires y a trav\u00e9s del programa Iberescena, Martina Cabana dirigi\u00f3 \u201cNOS\u201d, una comedia pol\u00edtica sobre el comportamiento totalitario del ser humano. Para el p\u00fablico m\u00e1s joven, Federico Sosa dirigi\u00f3 y protagoniz\u00f3 Un loco experimento, una divertida comedia musical para toda la familia. Adem\u00e1s, la Sala Audit\u00f3rium form\u00f3 parte del festival de teatro Teatrina, a trav\u00e9s de la cual subieron a escena las obras sanjuaninas Cubo y Mandato cumplido. \u00a0<\/p>\n<p>En el g\u00e9nero de danza, la compa\u00f1\u00eda Cuerpos present\u00f3 Ajedrez con direcci\u00f3n de Bel\u00e9n Montilla. El bailaor mendocino radicado en Espa\u00f1a, Federico N\u00fa\u00f1ez, convirti\u00f3 la Sala Audit\u00f3rium en un tablao con m\u00fasicos en vivo y una muestra de flamenco tradicional de Sevilla. Adem\u00e1s, en el marco del Festival CRUDO, Cecilia Priotto subi\u00f3 a escena su creaci\u00f3n \u00abEl Silencio\u00bb, con direcci\u00f3n de Cipriano Arguello Pitt, y como cierre de la temporada, el instituto Ballerinas brindar\u00e1 una nueva edici\u00f3n del espect\u00e1culo Navidad en casa, con direcci\u00f3n de Soledad Lloveras.<\/p>\n<div>De esta manera, el TB se consolid\u00f3 durante el 2023 como un escenario abierto a la comunidad art\u00edstica y nutrido por las nuevas corrientes, lenguajes y g\u00e9neros art\u00edsticos y culturales, con propuestas para todos los p\u00fablicos.\u00a0<\/div>","protected":false},"excerpt":{"rendered":"<p>El Teatro del Bicentenario finaliza una exitosa temporada de propuestas esc\u00e9nicas y art\u00edsticas que tuvieron lugar en su Sala Audit\u00f3rium por convocatoria abierta a la comunidad art\u00edstica local, nacional e internacional. La Sala Audit\u00f3rium del Teatro del Bicentenario, dependiente del Ministerio de Turismo, Cultura y&#8230;<\/p>","protected":false},"author":4,"featured_media":25297,"comment_status":"closed","ping_status":"closed","sticky":false,"template":"","format":"standard","meta":{"h5ap_radio_sources":[],"footnotes":""},"categories":[99],"tags":[],"class_list":["post-25296","post","type-post","status-publish","format-standard","has-post-thumbnail","hentry","category-novedades"],"_links":{"self":[{"href":"https:\/\/www.teatrodelbicentenariosanjuan.org\/en\/wp-json\/wp\/v2\/posts\/25296","targetHints":{"allow":["GET"]}}],"collection":[{"href":"https:\/\/www.teatrodelbicentenariosanjuan.org\/en\/wp-json\/wp\/v2\/posts"}],"about":[{"href":"https:\/\/www.teatrodelbicentenariosanjuan.org\/en\/wp-json\/wp\/v2\/types\/post"}],"author":[{"embeddable":true,"href":"https:\/\/www.teatrodelbicentenariosanjuan.org\/en\/wp-json\/wp\/v2\/users\/4"}],"replies":[{"embeddable":true,"href":"https:\/\/www.teatrodelbicentenariosanjuan.org\/en\/wp-json\/wp\/v2\/comments?post=25296"}],"version-history":[{"count":1,"href":"https:\/\/www.teatrodelbicentenariosanjuan.org\/en\/wp-json\/wp\/v2\/posts\/25296\/revisions"}],"predecessor-version":[{"id":25298,"href":"https:\/\/www.teatrodelbicentenariosanjuan.org\/en\/wp-json\/wp\/v2\/posts\/25296\/revisions\/25298"}],"wp:featuredmedia":[{"embeddable":true,"href":"https:\/\/www.teatrodelbicentenariosanjuan.org\/en\/wp-json\/wp\/v2\/media\/25297"}],"wp:attachment":[{"href":"https:\/\/www.teatrodelbicentenariosanjuan.org\/en\/wp-json\/wp\/v2\/media?parent=25296"}],"wp:term":[{"taxonomy":"category","embeddable":true,"href":"https:\/\/www.teatrodelbicentenariosanjuan.org\/en\/wp-json\/wp\/v2\/categories?post=25296"},{"taxonomy":"post_tag","embeddable":true,"href":"https:\/\/www.teatrodelbicentenariosanjuan.org\/en\/wp-json\/wp\/v2\/tags?post=25296"}],"curies":[{"name":"wp","href":"https:\/\/api.w.org\/{rel}","templated":true}]}}