{"id":25502,"date":"2024-04-16T14:16:30","date_gmt":"2024-04-16T17:16:30","guid":{"rendered":"https:\/\/www.teatrodelbicentenariosanjuan.org\/?p=25502"},"modified":"2024-04-16T14:16:30","modified_gmt":"2024-04-16T17:16:30","slug":"el-teatro-del-bicentenario-presenta-el-power-trio-nacho-y-los-cheddar","status":"publish","type":"post","link":"https:\/\/www.teatrodelbicentenariosanjuan.org\/en\/novedades\/el-teatro-del-bicentenario-presenta-el-power-trio-nacho-y-los-cheddar\/","title":{"rendered":"EL TEATRO DEL BICENTENARIO PRESENTA EL POWER TR\u00cdO \u201cNACHO Y LOS CHEDDAR\u201d"},"content":{"rendered":"<p dir=\"ltr\">La Sala Audit\u00f3rium del Teatro del Bicentenario recibir\u00e1 a la banda el viernes 10 de mayo a las 21hs. Entradas a la venta.<\/p>\n<p>&nbsp;<\/p>\n<p dir=\"ltr\">Nacho &amp; los Cheddar, la banda sanjuanina de Rock Fusi\u00f3n presenta su primer disco hom\u00f3nimo en la Sala Auditorium del Teatro Bicentenario. Se trata de un show que viaja por toda la trayectoria de la banda, interpretando sus primeras canciones, de las cuales ocho de ellas componen dicho \u00e1lbum, recordando el origen de la misma. Tambi\u00e9n habr\u00e1 algunas nuevas sorpresas, sembrando el anhelo de lo que vendr\u00e1 en los pr\u00f3ximos a\u00f1os. La cita es el viernes 10 de mayo a las 21hs.<\/p>\n<p>&nbsp;<\/p>\n<p dir=\"ltr\">A lo largo de los a\u00f1os, la banda ha atravesado diferentes estilos musicales que se funden en el Rock Fusi\u00f3n. El proyecto se destaca por crear e interpretar canciones propias fuera de lo com\u00fan.<\/p>\n<p>&nbsp;<\/p>\n<p dir=\"ltr\">Actualmente, la banda liderada por Nacho Aubone se encuentra en v\u00edsperas del lanzamiento de su primer disco hom\u00f3nimo, el cual est\u00e1 compuesto de ocho canciones de su autor\u00eda.<\/p>\n<p>&nbsp;<\/p>\n<p dir=\"ltr\">El repertorio del show consta de las ocho canciones presentes en el primer disco, adem\u00e1s de tres covers legendarios en la historia del Rock &amp; Roll y por \u00faltimo algunas canciones que estar\u00edan presentes en el segundo \u00e1lbum de la banda, recorriendo de esta forma el pasado, presente y futuro de la misma.\u00a0<\/p>\n<p>&nbsp;<\/p>\n<p dir=\"ltr\">El espect\u00e1culo ser\u00e1 el pr\u00f3ximo viernes 10 de mayo, a las 21hs, en la Sala Audit\u00f3rium del TB. La entrada general es de $3000 y puede adquirirse en Boleter\u00eda de lunes a viernes de 9 30 a 14hs, 16 a 20hs, y s\u00e1bados de 10 a 14hs. Tambi\u00e9n se encuentra disponible ONLINE en TuEntrada.com <a href=\"https:\/\/tbsj.tuentrada.com\/list\/events\" target=\"_blank\" rel=\"noopener\" data-saferedirecturl=\"https:\/\/www.google.com\/url?q=https:\/\/tbsj.tuentrada.com\/list\/events&amp;source=gmail&amp;ust=1713371983462000&amp;usg=AOvVaw3yIYv-NBBIyDoClhOdyav6\">https:\/\/tbsj.tuentrada.com\/<wbr \/>list\/events<\/a><\/p>","protected":false},"excerpt":{"rendered":"<p>La Sala Audit\u00f3rium del Teatro del Bicentenario recibir\u00e1 a la banda el viernes 10 de mayo a las 21hs. Entradas a la venta. &nbsp; Nacho &amp; los Cheddar, la banda sanjuanina de Rock Fusi\u00f3n presenta su primer disco hom\u00f3nimo en la Sala Auditorium del Teatro&#8230;<\/p>","protected":false},"author":4,"featured_media":25503,"comment_status":"closed","ping_status":"closed","sticky":false,"template":"","format":"standard","meta":{"h5ap_radio_sources":[],"footnotes":""},"categories":[99],"tags":[],"class_list":["post-25502","post","type-post","status-publish","format-standard","has-post-thumbnail","hentry","category-novedades"],"_links":{"self":[{"href":"https:\/\/www.teatrodelbicentenariosanjuan.org\/en\/wp-json\/wp\/v2\/posts\/25502","targetHints":{"allow":["GET"]}}],"collection":[{"href":"https:\/\/www.teatrodelbicentenariosanjuan.org\/en\/wp-json\/wp\/v2\/posts"}],"about":[{"href":"https:\/\/www.teatrodelbicentenariosanjuan.org\/en\/wp-json\/wp\/v2\/types\/post"}],"author":[{"embeddable":true,"href":"https:\/\/www.teatrodelbicentenariosanjuan.org\/en\/wp-json\/wp\/v2\/users\/4"}],"replies":[{"embeddable":true,"href":"https:\/\/www.teatrodelbicentenariosanjuan.org\/en\/wp-json\/wp\/v2\/comments?post=25502"}],"version-history":[{"count":1,"href":"https:\/\/www.teatrodelbicentenariosanjuan.org\/en\/wp-json\/wp\/v2\/posts\/25502\/revisions"}],"predecessor-version":[{"id":25504,"href":"https:\/\/www.teatrodelbicentenariosanjuan.org\/en\/wp-json\/wp\/v2\/posts\/25502\/revisions\/25504"}],"wp:featuredmedia":[{"embeddable":true,"href":"https:\/\/www.teatrodelbicentenariosanjuan.org\/en\/wp-json\/wp\/v2\/media\/25503"}],"wp:attachment":[{"href":"https:\/\/www.teatrodelbicentenariosanjuan.org\/en\/wp-json\/wp\/v2\/media?parent=25502"}],"wp:term":[{"taxonomy":"category","embeddable":true,"href":"https:\/\/www.teatrodelbicentenariosanjuan.org\/en\/wp-json\/wp\/v2\/categories?post=25502"},{"taxonomy":"post_tag","embeddable":true,"href":"https:\/\/www.teatrodelbicentenariosanjuan.org\/en\/wp-json\/wp\/v2\/tags?post=25502"}],"curies":[{"name":"wp","href":"https:\/\/api.w.org\/{rel}","templated":true}]}}