{"id":25505,"date":"2024-04-17T09:54:26","date_gmt":"2024-04-17T12:54:26","guid":{"rendered":"https:\/\/www.teatrodelbicentenariosanjuan.org\/?p=25505"},"modified":"2024-04-17T09:54:26","modified_gmt":"2024-04-17T12:54:26","slug":"san-juan-ballet-celebrara-el-dia-de-la-danza-en-el-tb-con-escena-compartida","status":"publish","type":"post","link":"https:\/\/www.teatrodelbicentenariosanjuan.org\/en\/novedades\/san-juan-ballet-celebrara-el-dia-de-la-danza-en-el-tb-con-escena-compartida\/","title":{"rendered":"\u201cSAN JUAN BALLET\u201d CELEBRAR\u00c1 EL D\u00cdA DE LA DANZA EN EL TB CON \u201cESCENA COMPARTIDA\u201d"},"content":{"rendered":"<p dir=\"ltr\">La gala por el d\u00eda internacional de la Danza ser\u00e1 el pr\u00f3ximo lunes 29 de abril, a las 21: 30hs. Entradas a la venta.\u00a0<\/p>\n<p>&nbsp;<\/p>\n<p dir=\"ltr\">El Teatro del Bicentenario, dependiente del Ministerio de Turismo, Cultura y Deporte, presentar\u00e1 la Gala por el D\u00eda Internacional de la Danza: Escena compartida, un espect\u00e1culo propuesto por el grupo \u201cSan Juan Ballet\u201d. La gala se llevar\u00e1 a cabo el pr\u00f3ximo lunes 29 de abril, a las 21: 30hs, en la Sala Audit\u00f3rium del Teatro del Bicentenario.<\/p>\n<p>&nbsp;<\/p>\n<p dir=\"ltr\">San Juan Ballet, es un elenco compuesto por bailarines con gran trayectoria y formaci\u00f3n art\u00edstica, con una variabilidad de disciplinas de danza, cada uno\u00a0 con su propia pasi\u00f3n y estilo \u00fanico.<\/p>\n<p>&nbsp;<\/p>\n<p dir=\"ltr\">La obra desarrollar\u00e1 un gran espect\u00e1culo de baile donde se presentan diferentes coreograf\u00edas, desde el refinado ballet hasta la expresiva danza contempor\u00e1nea y las en\u00e9rgicas tradiciones del folklore y el tango. Las emociones se entrelazan con las coreograf\u00edas, llevando al p\u00fablico a un viaje lleno de ritmo, pasi\u00f3n y sue\u00f1os. Celebrando en esta Gala la diversidad del arte de la danza\u00a0 y la perseverancia de aquellos que siguen sus corazones en busca de la realizaci\u00f3n personal y profesional.\u00a0<\/p>\n<p>&nbsp;<\/p>\n<p dir=\"ltr\">La Gala por el d\u00eda internacional de la Danza: Escena compartida ser\u00e1 el pr\u00f3ximo lunes 29 de abril, a las 21 30hs, en la Sala Audit\u00f3rium del Teatro del Bicentenario. El valor de la entrada es $3000, y podr\u00e1 adquirirse en Boleter\u00eda con descuentos exclusivos de lunes a viernes de 9 30 a 14hs, 16 a 20hs y los s\u00e1bados de 10 a 14hs. Tambi\u00e9n se encuentra disponible ONLINE a trav\u00e9s de TuEntrada.com<\/p>\n<p>&nbsp;<\/p>\n<p dir=\"ltr\">FUNCI\u00d3N CON BENEFICIOS (Exclusivos en Boleter\u00eda del TB)<\/p>\n<p>&nbsp;<\/p>\n<p dir=\"ltr\">\u2013\u00a0 \u00a0 \u00a0 \u00a0 \u00a0 TICKET YA: 20% de descuento en todas las funciones y ubicaci\u00f3n a elecci\u00f3n hasta 72hs ANTES del evento (hasta 2 tickets por persona).<\/p>\n<p dir=\"ltr\">\u2013\u00a0 \u00a0 \u00a0 \u00a0 \u00a0 Ticket Joven: 50% de descuento para j\u00f3venes de hasta 24 a\u00f1os inclusive presentando DNI; en todas las funciones, ubicaci\u00f3n a elecci\u00f3n.<\/p>\n<p dir=\"ltr\">\u2013\u00a0 \u00a0 \u00a0 \u00a0 \u00a0 Ticket JUBILADOS: 20% de descuento a jubilados presentando DNI \u2013 recibo de haberes y\/o carnet PAMI (hasta 2 tickets por persona).<\/p>\n<p dir=\"ltr\">Descuentos v\u00e1lidos solo en Boleter\u00eda del TB, de lunes a viernes de 9 30 a 14hs, de 16 a 20hs y s\u00e1bados de 10 a 13 30hs, o el d\u00eda de la funci\u00f3n desde 1 hora antes de la misma<\/p>","protected":false},"excerpt":{"rendered":"<p>La gala por el d\u00eda internacional de la Danza ser\u00e1 el pr\u00f3ximo lunes 29 de abril, a las 21: 30hs. Entradas a la venta.\u00a0 &nbsp; El Teatro del Bicentenario, dependiente del Ministerio de Turismo, Cultura y Deporte, presentar\u00e1 la Gala por el D\u00eda Internacional de&#8230;<\/p>","protected":false},"author":4,"featured_media":25506,"comment_status":"closed","ping_status":"closed","sticky":false,"template":"","format":"standard","meta":{"h5ap_radio_sources":[],"footnotes":""},"categories":[99],"tags":[],"class_list":["post-25505","post","type-post","status-publish","format-standard","has-post-thumbnail","hentry","category-novedades"],"_links":{"self":[{"href":"https:\/\/www.teatrodelbicentenariosanjuan.org\/en\/wp-json\/wp\/v2\/posts\/25505","targetHints":{"allow":["GET"]}}],"collection":[{"href":"https:\/\/www.teatrodelbicentenariosanjuan.org\/en\/wp-json\/wp\/v2\/posts"}],"about":[{"href":"https:\/\/www.teatrodelbicentenariosanjuan.org\/en\/wp-json\/wp\/v2\/types\/post"}],"author":[{"embeddable":true,"href":"https:\/\/www.teatrodelbicentenariosanjuan.org\/en\/wp-json\/wp\/v2\/users\/4"}],"replies":[{"embeddable":true,"href":"https:\/\/www.teatrodelbicentenariosanjuan.org\/en\/wp-json\/wp\/v2\/comments?post=25505"}],"version-history":[{"count":1,"href":"https:\/\/www.teatrodelbicentenariosanjuan.org\/en\/wp-json\/wp\/v2\/posts\/25505\/revisions"}],"predecessor-version":[{"id":25507,"href":"https:\/\/www.teatrodelbicentenariosanjuan.org\/en\/wp-json\/wp\/v2\/posts\/25505\/revisions\/25507"}],"wp:featuredmedia":[{"embeddable":true,"href":"https:\/\/www.teatrodelbicentenariosanjuan.org\/en\/wp-json\/wp\/v2\/media\/25506"}],"wp:attachment":[{"href":"https:\/\/www.teatrodelbicentenariosanjuan.org\/en\/wp-json\/wp\/v2\/media?parent=25505"}],"wp:term":[{"taxonomy":"category","embeddable":true,"href":"https:\/\/www.teatrodelbicentenariosanjuan.org\/en\/wp-json\/wp\/v2\/categories?post=25505"},{"taxonomy":"post_tag","embeddable":true,"href":"https:\/\/www.teatrodelbicentenariosanjuan.org\/en\/wp-json\/wp\/v2\/tags?post=25505"}],"curies":[{"name":"wp","href":"https:\/\/api.w.org\/{rel}","templated":true}]}}