{"id":25613,"date":"2024-05-16T13:24:07","date_gmt":"2024-05-16T16:24:07","guid":{"rendered":"https:\/\/www.teatrodelbicentenariosanjuan.org\/?p=25613"},"modified":"2024-05-16T13:39:24","modified_gmt":"2024-05-16T16:39:24","slug":"nueva-funcion-para-gala-patria-25-de-mayo-mujeres-argentinas","status":"publish","type":"post","link":"https:\/\/www.teatrodelbicentenariosanjuan.org\/en\/novedades\/nueva-funcion-para-gala-patria-25-de-mayo-mujeres-argentinas\/","title":{"rendered":"Nueva funci\u00f3n para Gala Patria 25 de mayo \u201cMujeres Argentinas\u201d \u00a0"},"content":{"rendered":"<p dir=\"ltr\"><em>Tras al \u00e9xito de las funciones del 23 y 24 de mayo para la Gala Patria 25 de mayo \u201cMujeres Argentinas\u201d, el Gobierno de la Provincia de San Juan, junto al Ministerio de Turismo, Cultura y Deporte, a trav\u00e9s del Teatro del Bicentenario, decidieron sumar por primera vez una tercera funci\u00f3n para el pr\u00f3ximo mi\u00e9rcoles 22 a las 21hs.<\/em><\/p>\n<p dir=\"ltr\">Las localidades se agotaron en tiempo r\u00e9cord durante la ma\u00f1ana del jueves. Las invitaciones para la nueva funci\u00f3n podr\u00e1n retirarse el d\u00eda viernes 17 de mayo de 10 a 14 hs y de 16 a 20 hs por Boleter\u00eda del Teatro del Bicentenario, hasta agotar. Se entregar\u00e1n \u00fanicamente hasta 2 por persona.<\/p>\n<p dir=\"ltr\">El p\u00fablico copar\u00e1 durante tres d\u00edas consecutivos la sala principal del Teatro del Bicentenario para disfrutar de \u201cMujeres Argentinas\u201d, una producci\u00f3n art\u00edstica que promete sumergirse en un paisaje sonoro y visual, amalgamada sutilmente con la danza.<\/p>\n<p dir=\"ltr\">La ic\u00f3nica obra de Ariel Ram\u00edrez y F\u00e9lix Luna, \u201cMujeres Argentinas\u201d cobrar\u00e1 vida bajo la direcci\u00f3n de Alexis Mirenda, con la participaci\u00f3n de La Camerata, las voces de Eli Dom\u00ednguez y Melisa Quiroga, y un elenco concertado de talentosos bailarines, junto a un gran equipo de profesionales escenot\u00e9cnicos. La velada culminar\u00e1 con las estrofas del Himno Nacional Argentino, interpretado en la voz de Laura Costanza.<\/p>","protected":false},"excerpt":{"rendered":"<p>Tras al \u00e9xito de las funciones del 23 y 24 de mayo para la Gala Patria 25 de mayo \u201cMujeres Argentinas\u201d, el Gobierno de la Provincia de San Juan, junto al Ministerio de Turismo, Cultura y Deporte, a trav\u00e9s del Teatro del Bicentenario, decidieron sumar&#8230;<\/p>","protected":false},"author":4,"featured_media":25615,"comment_status":"closed","ping_status":"closed","sticky":false,"template":"","format":"standard","meta":{"h5ap_radio_sources":[],"footnotes":""},"categories":[99],"tags":[],"class_list":["post-25613","post","type-post","status-publish","format-standard","has-post-thumbnail","hentry","category-novedades"],"_links":{"self":[{"href":"https:\/\/www.teatrodelbicentenariosanjuan.org\/en\/wp-json\/wp\/v2\/posts\/25613","targetHints":{"allow":["GET"]}}],"collection":[{"href":"https:\/\/www.teatrodelbicentenariosanjuan.org\/en\/wp-json\/wp\/v2\/posts"}],"about":[{"href":"https:\/\/www.teatrodelbicentenariosanjuan.org\/en\/wp-json\/wp\/v2\/types\/post"}],"author":[{"embeddable":true,"href":"https:\/\/www.teatrodelbicentenariosanjuan.org\/en\/wp-json\/wp\/v2\/users\/4"}],"replies":[{"embeddable":true,"href":"https:\/\/www.teatrodelbicentenariosanjuan.org\/en\/wp-json\/wp\/v2\/comments?post=25613"}],"version-history":[{"count":1,"href":"https:\/\/www.teatrodelbicentenariosanjuan.org\/en\/wp-json\/wp\/v2\/posts\/25613\/revisions"}],"predecessor-version":[{"id":25614,"href":"https:\/\/www.teatrodelbicentenariosanjuan.org\/en\/wp-json\/wp\/v2\/posts\/25613\/revisions\/25614"}],"wp:featuredmedia":[{"embeddable":true,"href":"https:\/\/www.teatrodelbicentenariosanjuan.org\/en\/wp-json\/wp\/v2\/media\/25615"}],"wp:attachment":[{"href":"https:\/\/www.teatrodelbicentenariosanjuan.org\/en\/wp-json\/wp\/v2\/media?parent=25613"}],"wp:term":[{"taxonomy":"category","embeddable":true,"href":"https:\/\/www.teatrodelbicentenariosanjuan.org\/en\/wp-json\/wp\/v2\/categories?post=25613"},{"taxonomy":"post_tag","embeddable":true,"href":"https:\/\/www.teatrodelbicentenariosanjuan.org\/en\/wp-json\/wp\/v2\/tags?post=25613"}],"curies":[{"name":"wp","href":"https:\/\/api.w.org\/{rel}","templated":true}]}}